{"id":4064,"date":"2018-08-20T10:34:22","date_gmt":"2018-08-20T16:34:22","guid":{"rendered":"http:\/\/www.nanchital.gob.mx\/?p=4064"},"modified":"2018-08-20T10:34:22","modified_gmt":"2018-08-20T16:34:22","slug":"mas-9-mil-alumnos-inician-el-ciclo-escolar-en-nanchital","status":"publish","type":"post","link":"https:\/\/www.nanchital.gob.mx\/wp-nanchital\/mas-9-mil-alumnos-inician-el-ciclo-escolar-en-nanchital\/","title":{"rendered":"M\u00e1s 9 mil alumnos inician el ciclo escolar en Nanchital"},"content":{"rendered":"<p>Son m\u00e1s de 9 mil estudiantes de las 54 escuelas de todos los niveles, desde preescolar hasta Universidad, los que se integran a las aulas para dar inicio a las actividades marcadas en el calendario escolar.<\/p>\n<p>Autoridades del sector educativo y del Ayuntamiento de Nanchital, realizaron la inauguraci\u00f3n del ciclo escolar 2018-2019 en el preescolar Guadalupe Su\u00e1rez Vida\u00f1a.<\/p>\n<p>En el evento la Dra. Zoila Balderas Guzm\u00e1n, alcaldesa de la ciudad, realiz\u00f3 la donaci\u00f3n de 25 \u00e1rboles maderables de roble, palmera, croto, chicozapote, pimiento, cedro entre otros, que fueron obtenidos recientemente por la direcci\u00f3n de Ecolog\u00eda.<\/p>\n<p>\u201cHoy les propongo seguir trabajando juntos, sabemos que existen muchas necesidades, pero tengan la certeza que d\u00eda a d\u00eda buscamos ser una autoridad cercana a las necesidades sociales que nuestro municipio nos demanda y si se trata de educaci\u00f3n nos sumamos como aliados en la transformaci\u00f3n y desarrollo de nuestra sociedad\u201d coment\u00f3 la Dra. Zoila Balderas Guzm\u00e1n, presidente municipal.<\/p>\n<p><img fetchpriority=\"high\" decoding=\"async\" class=\" wp-image-4063 aligncenter\" src=\"http:\/\/www.nanchital.gob.mx\/wp-content\/uploads\/39580662_2168343156773548_2972354635710332928_n-300x197.jpg\" alt=\"\" width=\"489\" height=\"321\" srcset=\"https:\/\/www.nanchital.gob.mx\/wp-nanchital\/wp-content\/uploads\/39580662_2168343156773548_2972354635710332928_n-300x197.jpg 300w, https:\/\/www.nanchital.gob.mx\/wp-nanchital\/wp-content\/uploads\/39580662_2168343156773548_2972354635710332928_n-768x505.jpg 768w, https:\/\/www.nanchital.gob.mx\/wp-nanchital\/wp-content\/uploads\/39580662_2168343156773548_2972354635710332928_n.jpg 1024w\" sizes=\"(max-width: 489px) 100vw, 489px\" \/><\/p>\n","protected":false},"excerpt":{"rendered":"<p>Son m\u00e1s de 9 mil estudiantes de las 54 escuelas de todos los niveles, desde preescolar hasta Universidad, los que se integran a las aulas para dar inicio a las actividades marcadas en el calendario escolar. Autoridades del sector educativo y del Ayuntamiento de Nanchital, realizaron la inauguraci\u00f3n del ciclo escolar 2018-2019 en el preescolar&hellip; <br \/> <a class=\"read-more\" href=\"https:\/\/www.nanchital.gob.mx\/wp-nanchital\/mas-9-mil-alumnos-inician-el-ciclo-escolar-en-nanchital\/\">Leer m\u00e1s<\/a><\/p>\n","protected":false},"author":7,"featured_media":4062,"comment_status":"closed","ping_status":"closed","sticky":false,"template":"","format":"standard","meta":{"footnotes":""},"categories":[4],"tags":[],"class_list":["post-4064","post","type-post","status-publish","format-standard","has-post-thumbnail","hentry","category-noticias"],"_links":{"self":[{"href":"https:\/\/www.nanchital.gob.mx\/wp-nanchital\/wp-json\/wp\/v2\/posts\/4064","targetHints":{"allow":["GET"]}}],"collection":[{"href":"https:\/\/www.nanchital.gob.mx\/wp-nanchital\/wp-json\/wp\/v2\/posts"}],"about":[{"href":"https:\/\/www.nanchital.gob.mx\/wp-nanchital\/wp-json\/wp\/v2\/types\/post"}],"author":[{"embeddable":true,"href":"https:\/\/www.nanchital.gob.mx\/wp-nanchital\/wp-json\/wp\/v2\/users\/7"}],"replies":[{"embeddable":true,"href":"https:\/\/www.nanchital.gob.mx\/wp-nanchital\/wp-json\/wp\/v2\/comments?post=4064"}],"version-history":[{"count":1,"href":"https:\/\/www.nanchital.gob.mx\/wp-nanchital\/wp-json\/wp\/v2\/posts\/4064\/revisions"}],"predecessor-version":[{"id":4066,"href":"https:\/\/www.nanchital.gob.mx\/wp-nanchital\/wp-json\/wp\/v2\/posts\/4064\/revisions\/4066"}],"wp:featuredmedia":[{"embeddable":true,"href":"https:\/\/www.nanchital.gob.mx\/wp-nanchital\/wp-json\/wp\/v2\/media\/4062"}],"wp:attachment":[{"href":"https:\/\/www.nanchital.gob.mx\/wp-nanchital\/wp-json\/wp\/v2\/media?parent=4064"}],"wp:term":[{"taxonomy":"category","embeddable":true,"href":"https:\/\/www.nanchital.gob.mx\/wp-nanchital\/wp-json\/wp\/v2\/categories?post=4064"},{"taxonomy":"post_tag","embeddable":true,"href":"https:\/\/www.nanchital.gob.mx\/wp-nanchital\/wp-json\/wp\/v2\/tags?post=4064"}],"curies":[{"name":"wp","href":"https:\/\/api.w.org\/{rel}","templated":true}]}}