{"id":3980,"date":"2018-08-13T08:50:29","date_gmt":"2018-08-13T14:50:29","guid":{"rendered":"http:\/\/www.nanchital.gob.mx\/?p=3980"},"modified":"2018-08-13T09:00:34","modified_gmt":"2018-08-13T15:00:34","slug":"mas-de-150-jovenes-participaron-en-la-semana-de-la-juventud","status":"publish","type":"post","link":"https:\/\/www.nanchital.gob.mx\/wp-nanchital\/mas-de-150-jovenes-participaron-en-la-semana-de-la-juventud\/","title":{"rendered":"M\u00e1s de 150 j\u00f3venes participaron en la Semana de la Juventud"},"content":{"rendered":"<p>Durante los cinco d\u00edas de actividades de la Semana de la Juventud organizada por el Ayuntamiento de Nanchital a trav\u00e9s del Instituto Municipal de la Juventud, fueron m\u00e1s de 150 j\u00f3venes los que participaron en todos los eventos deportivos y culturales que se llevaron a cabo del 8 al 12 de agosto.<\/p>\n<p>Carrera atl\u00e9tica y en bicicleta, torneos de Basquetbol, Futbol, Ajedrez, charla para emprendedores y un evento cultural, fueron los eventos desarrollados durante estos intensos d\u00edas de convivencia juvenil.<\/p>\n<p>\u201cEste evento lo realizamos en conmemoraci\u00f3n del D\u00eda Internacional de la Juventud que se celebra el 12 de Agosto, agradezco el respaldo total que la Dra. Zoila Balderas Guzm\u00e1n, alcaldesa de nuestra ciudad, nos brind\u00f3 para el desarrollo de esta primera Semana de la Juventud, en la que participaron m\u00e1s de 150 j\u00f3venes en los diferentes eventos que se hicieron\u201d afirm\u00f3 Adri\u00e1n Palacios, Director del Instituto Municipal de la Juventud.<\/p>\n<p>En cada una de las actividades se entregaron reconocimientos, medallas, trofeos y obsequios, de acuerdo al tipo de evento.<\/p>\n<p><img fetchpriority=\"high\" decoding=\"async\" class=\" wp-image-3984 aligncenter\" src=\"http:\/\/www.nanchital.gob.mx\/wp-content\/uploads\/39167120_373277720162444_8303035921998020608_n-300x194.jpg\" alt=\"\" width=\"522\" height=\"338\" srcset=\"https:\/\/www.nanchital.gob.mx\/wp-nanchital\/wp-content\/uploads\/39167120_373277720162444_8303035921998020608_n-300x194.jpg 300w, https:\/\/www.nanchital.gob.mx\/wp-nanchital\/wp-content\/uploads\/39167120_373277720162444_8303035921998020608_n-768x496.jpg 768w, https:\/\/www.nanchital.gob.mx\/wp-nanchital\/wp-content\/uploads\/39167120_373277720162444_8303035921998020608_n.jpg 1024w\" sizes=\"(max-width: 522px) 100vw, 522px\" \/><\/p>\n","protected":false},"excerpt":{"rendered":"<p>Durante los cinco d\u00edas de actividades de la Semana de la Juventud organizada por el Ayuntamiento de Nanchital a trav\u00e9s del Instituto Municipal de la Juventud, fueron m\u00e1s de 150 j\u00f3venes los que participaron en todos los eventos deportivos y culturales que se llevaron a cabo del 8 al 12 de agosto. Carrera atl\u00e9tica y&hellip; <br \/> <a class=\"read-more\" href=\"https:\/\/www.nanchital.gob.mx\/wp-nanchital\/mas-de-150-jovenes-participaron-en-la-semana-de-la-juventud\/\">Leer m\u00e1s<\/a><\/p>\n","protected":false},"author":7,"featured_media":3979,"comment_status":"closed","ping_status":"closed","sticky":false,"template":"","format":"standard","meta":{"footnotes":""},"categories":[4],"tags":[],"class_list":["post-3980","post","type-post","status-publish","format-standard","has-post-thumbnail","hentry","category-noticias"],"_links":{"self":[{"href":"https:\/\/www.nanchital.gob.mx\/wp-nanchital\/wp-json\/wp\/v2\/posts\/3980","targetHints":{"allow":["GET"]}}],"collection":[{"href":"https:\/\/www.nanchital.gob.mx\/wp-nanchital\/wp-json\/wp\/v2\/posts"}],"about":[{"href":"https:\/\/www.nanchital.gob.mx\/wp-nanchital\/wp-json\/wp\/v2\/types\/post"}],"author":[{"embeddable":true,"href":"https:\/\/www.nanchital.gob.mx\/wp-nanchital\/wp-json\/wp\/v2\/users\/7"}],"replies":[{"embeddable":true,"href":"https:\/\/www.nanchital.gob.mx\/wp-nanchital\/wp-json\/wp\/v2\/comments?post=3980"}],"version-history":[{"count":2,"href":"https:\/\/www.nanchital.gob.mx\/wp-nanchital\/wp-json\/wp\/v2\/posts\/3980\/revisions"}],"predecessor-version":[{"id":3987,"href":"https:\/\/www.nanchital.gob.mx\/wp-nanchital\/wp-json\/wp\/v2\/posts\/3980\/revisions\/3987"}],"wp:featuredmedia":[{"embeddable":true,"href":"https:\/\/www.nanchital.gob.mx\/wp-nanchital\/wp-json\/wp\/v2\/media\/3979"}],"wp:attachment":[{"href":"https:\/\/www.nanchital.gob.mx\/wp-nanchital\/wp-json\/wp\/v2\/media?parent=3980"}],"wp:term":[{"taxonomy":"category","embeddable":true,"href":"https:\/\/www.nanchital.gob.mx\/wp-nanchital\/wp-json\/wp\/v2\/categories?post=3980"},{"taxonomy":"post_tag","embeddable":true,"href":"https:\/\/www.nanchital.gob.mx\/wp-nanchital\/wp-json\/wp\/v2\/tags?post=3980"}],"curies":[{"name":"wp","href":"https:\/\/api.w.org\/{rel}","templated":true}]}}