{"id":3974,"date":"2018-08-10T20:06:22","date_gmt":"2018-08-11T02:06:22","guid":{"rendered":"http:\/\/www.nanchital.gob.mx\/?p=3974"},"modified":"2018-08-10T20:06:22","modified_gmt":"2018-08-11T02:06:22","slug":"clausuran-cursos-de-mi-verano-divertido-y-cultural","status":"publish","type":"post","link":"https:\/\/www.nanchital.gob.mx\/wp-nanchital\/clausuran-cursos-de-mi-verano-divertido-y-cultural\/","title":{"rendered":"Clausuran cursos de \u201cMi verano divertido y cultural\u201d"},"content":{"rendered":"<p>Con una participaci\u00f3n de 25 ni\u00f1os la alcaldesa de Nanchital, Dra. Zoila Balderas Guzm\u00e1n, dio por clausuradas las actividades del curso \u201cMi verano divertido y cultural\u201d llevadas a cabo en el Centro de Desarrollo Comunitario y la Casa de Cultura.<\/p>\n<p>Este curso se cre\u00f3 con la finalidad de que los ni\u00f1os aprovecharan sus vacaciones, realizando diversas actividades como ecolog\u00eda, cocina kids, cineteca, teatro, dibujo, activaci\u00f3n f\u00edsica, primeros auxilios, valores, manualidades, regularizaci\u00f3n en matem\u00e1ticas, lectura y escritura, as\u00ed como visitas a lugares como la Granja del abuelo y Jaguaroundi.<\/p>\n<p><img fetchpriority=\"high\" decoding=\"async\" class=\" wp-image-3977 aligncenter\" src=\"http:\/\/www.nanchital.gob.mx\/wp-content\/uploads\/39015420_237963280380883_4053826039338500096_n-300x191.jpg\" alt=\"\" width=\"538\" height=\"342\" srcset=\"https:\/\/www.nanchital.gob.mx\/wp-nanchital\/wp-content\/uploads\/39015420_237963280380883_4053826039338500096_n-300x191.jpg 300w, https:\/\/www.nanchital.gob.mx\/wp-nanchital\/wp-content\/uploads\/39015420_237963280380883_4053826039338500096_n-768x488.jpg 768w, https:\/\/www.nanchital.gob.mx\/wp-nanchital\/wp-content\/uploads\/39015420_237963280380883_4053826039338500096_n.jpg 1024w\" sizes=\"(max-width: 538px) 100vw, 538px\" \/><\/p>\n<p>\u201cEsta fue una oportunidad invaluable para que los menores tomaran conciencia de la importancia de aprender y al mismo tiempo de jugar, divertirse y transmitir lo aprendido a sus familiares, agradezco al personal de ambas de todas las instituciones involucradas pero sobre todo a los padres de familia por confiarnos a sus peque\u00f1os para llevar a buen t\u00e9rmino el desarrollo de estos productivos cursos de verano\u201d enfatiz\u00f3 la Dra. Zoila Balderas Guzm\u00e1n, alcaldesa de Nanchital.<\/p>\n<p>Las instituciones que trabajaron en conjunto fueron el Instituto Municipal de la Mujer, el departamento de Derechos Humanos, la Casa de Cultura y el Instituto Municipal de la Juventud.<\/p>\n","protected":false},"excerpt":{"rendered":"<p>Con una participaci\u00f3n de 25 ni\u00f1os la alcaldesa de Nanchital, Dra. Zoila Balderas Guzm\u00e1n, dio por clausuradas las actividades del curso \u201cMi verano divertido y cultural\u201d llevadas a cabo en el Centro de Desarrollo Comunitario y la Casa de Cultura. Este curso se cre\u00f3 con la finalidad de que los ni\u00f1os aprovecharan sus vacaciones, realizando&hellip; <br \/> <a class=\"read-more\" href=\"https:\/\/www.nanchital.gob.mx\/wp-nanchital\/clausuran-cursos-de-mi-verano-divertido-y-cultural\/\">Leer m\u00e1s<\/a><\/p>\n","protected":false},"author":7,"featured_media":3976,"comment_status":"closed","ping_status":"closed","sticky":false,"template":"","format":"standard","meta":{"footnotes":""},"categories":[4],"tags":[],"class_list":["post-3974","post","type-post","status-publish","format-standard","has-post-thumbnail","hentry","category-noticias"],"_links":{"self":[{"href":"https:\/\/www.nanchital.gob.mx\/wp-nanchital\/wp-json\/wp\/v2\/posts\/3974","targetHints":{"allow":["GET"]}}],"collection":[{"href":"https:\/\/www.nanchital.gob.mx\/wp-nanchital\/wp-json\/wp\/v2\/posts"}],"about":[{"href":"https:\/\/www.nanchital.gob.mx\/wp-nanchital\/wp-json\/wp\/v2\/types\/post"}],"author":[{"embeddable":true,"href":"https:\/\/www.nanchital.gob.mx\/wp-nanchital\/wp-json\/wp\/v2\/users\/7"}],"replies":[{"embeddable":true,"href":"https:\/\/www.nanchital.gob.mx\/wp-nanchital\/wp-json\/wp\/v2\/comments?post=3974"}],"version-history":[{"count":1,"href":"https:\/\/www.nanchital.gob.mx\/wp-nanchital\/wp-json\/wp\/v2\/posts\/3974\/revisions"}],"predecessor-version":[{"id":3978,"href":"https:\/\/www.nanchital.gob.mx\/wp-nanchital\/wp-json\/wp\/v2\/posts\/3974\/revisions\/3978"}],"wp:featuredmedia":[{"embeddable":true,"href":"https:\/\/www.nanchital.gob.mx\/wp-nanchital\/wp-json\/wp\/v2\/media\/3976"}],"wp:attachment":[{"href":"https:\/\/www.nanchital.gob.mx\/wp-nanchital\/wp-json\/wp\/v2\/media?parent=3974"}],"wp:term":[{"taxonomy":"category","embeddable":true,"href":"https:\/\/www.nanchital.gob.mx\/wp-nanchital\/wp-json\/wp\/v2\/categories?post=3974"},{"taxonomy":"post_tag","embeddable":true,"href":"https:\/\/www.nanchital.gob.mx\/wp-nanchital\/wp-json\/wp\/v2\/tags?post=3974"}],"curies":[{"name":"wp","href":"https:\/\/api.w.org\/{rel}","templated":true}]}}