{"id":3963,"date":"2018-08-10T13:27:06","date_gmt":"2018-08-10T19:27:06","guid":{"rendered":"http:\/\/www.nanchital.gob.mx\/?p=3963"},"modified":"2018-08-10T13:27:06","modified_gmt":"2018-08-10T19:27:06","slug":"en-nanchital-se-hara-campana-para-limpieza-de-lotes-baldios","status":"publish","type":"post","link":"https:\/\/www.nanchital.gob.mx\/wp-nanchital\/en-nanchital-se-hara-campana-para-limpieza-de-lotes-baldios\/","title":{"rendered":"En Nanchital se har\u00e1 campa\u00f1a para limpieza de lotes bald\u00edos"},"content":{"rendered":"<p>Debido al problema que genera la proliferaci\u00f3n de lotes bald\u00edos, el Ayuntamiento de Nanchital que encabeza la Dra. Zoila Balderas Guzm\u00e1n dar\u00e1 cumplimiento al Bando de Polic\u00eda y Buen Gobierno en relaci\u00f3n a los lotes bald\u00edos.<\/p>\n<p>Ser\u00e1 la Direcci\u00f3n de Gobernaci\u00f3n el departamento encargado de promover este campa\u00f1a de limpieza de los terrenos, con el fin de que dichos predios puedan ser atendidos por sus due\u00f1os, ya que en muchos de los casos generan problemas a los vecinos.<\/p>\n<p>\u201cVamos a actualizar nuestro padr\u00f3n de lotes bald\u00edos para tener bien especificado donde est\u00e1n ubicados los puntos en los que puede haber afectaciones a los vecinos, ya que la maleza es criadero de animales peligrosos, o en algunos casos hasta sitios en los que los amantes de lo ajeno se resguardan\u201d comento Ricardo Castelo Gonz\u00e1lez, titular de Gobernaci\u00f3n.<\/p>\n<p>El funcionario precis\u00f3 que de ser necesario se aplicar\u00edan cobros o sanciones dependiendo de los casos de irresponsabilidad de los due\u00f1os de los predios.<\/p>\n","protected":false},"excerpt":{"rendered":"<p>Debido al problema que genera la proliferaci\u00f3n de lotes bald\u00edos, el Ayuntamiento de Nanchital que encabeza la Dra. Zoila Balderas Guzm\u00e1n dar\u00e1 cumplimiento al Bando de Polic\u00eda y Buen Gobierno en relaci\u00f3n a los lotes bald\u00edos. Ser\u00e1 la Direcci\u00f3n de Gobernaci\u00f3n el departamento encargado de promover este campa\u00f1a de limpieza de los terrenos, con el&hellip; <br \/> <a class=\"read-more\" href=\"https:\/\/www.nanchital.gob.mx\/wp-nanchital\/en-nanchital-se-hara-campana-para-limpieza-de-lotes-baldios\/\">Leer m\u00e1s<\/a><\/p>\n","protected":false},"author":7,"featured_media":3962,"comment_status":"closed","ping_status":"closed","sticky":false,"template":"","format":"standard","meta":{"footnotes":""},"categories":[4],"tags":[],"class_list":["post-3963","post","type-post","status-publish","format-standard","has-post-thumbnail","hentry","category-noticias"],"_links":{"self":[{"href":"https:\/\/www.nanchital.gob.mx\/wp-nanchital\/wp-json\/wp\/v2\/posts\/3963","targetHints":{"allow":["GET"]}}],"collection":[{"href":"https:\/\/www.nanchital.gob.mx\/wp-nanchital\/wp-json\/wp\/v2\/posts"}],"about":[{"href":"https:\/\/www.nanchital.gob.mx\/wp-nanchital\/wp-json\/wp\/v2\/types\/post"}],"author":[{"embeddable":true,"href":"https:\/\/www.nanchital.gob.mx\/wp-nanchital\/wp-json\/wp\/v2\/users\/7"}],"replies":[{"embeddable":true,"href":"https:\/\/www.nanchital.gob.mx\/wp-nanchital\/wp-json\/wp\/v2\/comments?post=3963"}],"version-history":[{"count":1,"href":"https:\/\/www.nanchital.gob.mx\/wp-nanchital\/wp-json\/wp\/v2\/posts\/3963\/revisions"}],"predecessor-version":[{"id":3965,"href":"https:\/\/www.nanchital.gob.mx\/wp-nanchital\/wp-json\/wp\/v2\/posts\/3963\/revisions\/3965"}],"wp:featuredmedia":[{"embeddable":true,"href":"https:\/\/www.nanchital.gob.mx\/wp-nanchital\/wp-json\/wp\/v2\/media\/3962"}],"wp:attachment":[{"href":"https:\/\/www.nanchital.gob.mx\/wp-nanchital\/wp-json\/wp\/v2\/media?parent=3963"}],"wp:term":[{"taxonomy":"category","embeddable":true,"href":"https:\/\/www.nanchital.gob.mx\/wp-nanchital\/wp-json\/wp\/v2\/categories?post=3963"},{"taxonomy":"post_tag","embeddable":true,"href":"https:\/\/www.nanchital.gob.mx\/wp-nanchital\/wp-json\/wp\/v2\/tags?post=3963"}],"curies":[{"name":"wp","href":"https:\/\/api.w.org\/{rel}","templated":true}]}}