{"id":3862,"date":"2018-08-07T10:14:21","date_gmt":"2018-08-07T16:14:21","guid":{"rendered":"http:\/\/www.nanchital.gob.mx\/?p=3862"},"modified":"2018-08-07T10:14:21","modified_gmt":"2018-08-07T16:14:21","slug":"se-conforman-nuevas-redes-vecinales-en-nanchital","status":"publish","type":"post","link":"https:\/\/www.nanchital.gob.mx\/wp-nanchital\/se-conforman-nuevas-redes-vecinales-en-nanchital\/","title":{"rendered":"Se conforman nuevas redes vecinales en Nanchital"},"content":{"rendered":"<p>En trabajo coordinado entre el Ayuntamiento de Nanchital y la Secretar\u00eda de Seguridad P\u00fablica del Estado de Veracruz, se logr\u00f3 la creaci\u00f3n de m\u00e1s redes vecinales en las colonias San Agust\u00edn y L\u00e1zaro C\u00e1rdenas. Dichas redes vecinales se suman a la ya creada en un sector de la colonia San Miguel Arc\u00e1ngel, y se espera que en esta semana se integre otro sector de dicha colonia, resultados de las pl\u00e1ticas informativas de prevenci\u00f3n del delito que se han estado brindando desde el mes pasado.<\/p>\n<p>\u201cPara la conformaci\u00f3n de estas redes vecinales es necesario que lo soliciten a la Direcci\u00f3n de Gobernaci\u00f3n al tel\u00e9fono 2160250 ext. 127 para que coordinemos con la Direcci\u00f3n de Vinculaci\u00f3n de la Secretar\u00eda de Seguridad P\u00fablica, las pl\u00e1ticas de prevenci\u00f3n del delito y redes vecinales en las colonias, por lo que a nombre de la Dra. Zoila Balderas invitamos a los jefes de manzana y ciudadan\u00eda en general a comunicarse con nosotros para realizar esta tarea de seguridad\u201d coment\u00f3 Ricardo Castelo Gonz\u00e1lez, Director de Gobernaci\u00f3n.<\/p>\n<p><img fetchpriority=\"high\" decoding=\"async\" class=\" wp-image-3861 aligncenter\" src=\"http:\/\/www.nanchital.gob.mx\/wp-content\/uploads\/38724454_2125068007812464_960576638410555392_n-300x191.jpg\" alt=\"\" width=\"462\" height=\"294\" srcset=\"https:\/\/www.nanchital.gob.mx\/wp-nanchital\/wp-content\/uploads\/38724454_2125068007812464_960576638410555392_n-300x191.jpg 300w, https:\/\/www.nanchital.gob.mx\/wp-nanchital\/wp-content\/uploads\/38724454_2125068007812464_960576638410555392_n-768x490.jpg 768w, https:\/\/www.nanchital.gob.mx\/wp-nanchital\/wp-content\/uploads\/38724454_2125068007812464_960576638410555392_n.jpg 1024w\" sizes=\"(max-width: 462px) 100vw, 462px\" \/><\/p>\n","protected":false},"excerpt":{"rendered":"<p>En trabajo coordinado entre el Ayuntamiento de Nanchital y la Secretar\u00eda de Seguridad P\u00fablica del Estado de Veracruz, se logr\u00f3 la creaci\u00f3n de m\u00e1s redes vecinales en las colonias San Agust\u00edn y L\u00e1zaro C\u00e1rdenas. Dichas redes vecinales se suman a la ya creada en un sector de la colonia San Miguel Arc\u00e1ngel, y se espera&hellip; <br \/> <a class=\"read-more\" href=\"https:\/\/www.nanchital.gob.mx\/wp-nanchital\/se-conforman-nuevas-redes-vecinales-en-nanchital\/\">Leer m\u00e1s<\/a><\/p>\n","protected":false},"author":7,"featured_media":3860,"comment_status":"closed","ping_status":"closed","sticky":false,"template":"","format":"standard","meta":{"footnotes":""},"categories":[4],"tags":[],"class_list":["post-3862","post","type-post","status-publish","format-standard","has-post-thumbnail","hentry","category-noticias"],"_links":{"self":[{"href":"https:\/\/www.nanchital.gob.mx\/wp-nanchital\/wp-json\/wp\/v2\/posts\/3862","targetHints":{"allow":["GET"]}}],"collection":[{"href":"https:\/\/www.nanchital.gob.mx\/wp-nanchital\/wp-json\/wp\/v2\/posts"}],"about":[{"href":"https:\/\/www.nanchital.gob.mx\/wp-nanchital\/wp-json\/wp\/v2\/types\/post"}],"author":[{"embeddable":true,"href":"https:\/\/www.nanchital.gob.mx\/wp-nanchital\/wp-json\/wp\/v2\/users\/7"}],"replies":[{"embeddable":true,"href":"https:\/\/www.nanchital.gob.mx\/wp-nanchital\/wp-json\/wp\/v2\/comments?post=3862"}],"version-history":[{"count":1,"href":"https:\/\/www.nanchital.gob.mx\/wp-nanchital\/wp-json\/wp\/v2\/posts\/3862\/revisions"}],"predecessor-version":[{"id":3864,"href":"https:\/\/www.nanchital.gob.mx\/wp-nanchital\/wp-json\/wp\/v2\/posts\/3862\/revisions\/3864"}],"wp:featuredmedia":[{"embeddable":true,"href":"https:\/\/www.nanchital.gob.mx\/wp-nanchital\/wp-json\/wp\/v2\/media\/3860"}],"wp:attachment":[{"href":"https:\/\/www.nanchital.gob.mx\/wp-nanchital\/wp-json\/wp\/v2\/media?parent=3862"}],"wp:term":[{"taxonomy":"category","embeddable":true,"href":"https:\/\/www.nanchital.gob.mx\/wp-nanchital\/wp-json\/wp\/v2\/categories?post=3862"},{"taxonomy":"post_tag","embeddable":true,"href":"https:\/\/www.nanchital.gob.mx\/wp-nanchital\/wp-json\/wp\/v2\/tags?post=3862"}],"curies":[{"name":"wp","href":"https:\/\/api.w.org\/{rel}","templated":true}]}}