{"id":3857,"date":"2018-08-07T09:51:45","date_gmt":"2018-08-07T15:51:45","guid":{"rendered":"http:\/\/www.nanchital.gob.mx\/?p=3857"},"modified":"2018-08-07T09:51:45","modified_gmt":"2018-08-07T15:51:45","slug":"se-festejara-a-la-juventud-en-nanchital","status":"publish","type":"post","link":"https:\/\/www.nanchital.gob.mx\/wp-nanchital\/se-festejara-a-la-juventud-en-nanchital\/","title":{"rendered":"Se festejar\u00e1 a la Juventud en Nanchital"},"content":{"rendered":"<p>El Ayuntamiento de Nanchital que preside la Dra. Zoila Balderas Guzm\u00e1n, realizar\u00e1 del 8 al 12 de agosto a trav\u00e9s del Instituto Municipal de la Juventud, una serie de actividades deportivas, culturales y formativas durante la <strong>\u201cSemana de la Juventud\u201d. <\/strong><\/p>\n<p>El festej\u00f3 comenzar\u00e1 el <strong>mi\u00e9rcoles a las 6 de la tarde<\/strong> en el Parque Benito Ju\u00e1rez con el <em>Primer Torneo de Ajedrez \u201cJaque Mate\u201d<\/em> y a las 7 de la noche en una cafeter\u00eda ubicada en la plaza de la juventud, se dar\u00e1 una charla para emprendedores titulada \u201chacer lo que te apasiona\u201d. El <strong>jueves a las 5 y media<\/strong> de la tarde en la mini cancha de la colonia San Miguel, tendr\u00e1 efecto el <em>torneo \u201cStreet Basketball\u201d<\/em> y el <strong>viernes a la misma hora<\/strong> en la cancha de la Juan Escutia habr\u00e1 <em>\u201cStreet Soccer\u201d<\/em>. Para el <strong>s\u00e1bado a las 8 de la ma\u00f1ana<\/strong> se realizar\u00e1 la carrera <em>\u201cPor tu salud\u201d<\/em> saliendo del hospital de Pemex y a las<strong> 7 de la noche el evento <\/strong><em>\u201cTalentos nanchitecos\u201d<\/em> en el parque Benito Ju\u00e1rez. Finalmente el <strong>domingo a las 6 de la tarde<\/strong> se llevar\u00e1 a cabo la <em>\u201crodada juvenil\u201d<\/em> saliendo de la gasolinera de la colonia San Miguel.<\/p>\n<p>\u201cCon este programa de actividades queremos fomentar en los j\u00f3venes una sana convivencia y generar mayor participaci\u00f3n en todo lo que el Instituto tiene para ofrecerles, esto es una preocupaci\u00f3n de la Dra. Zoila Balderas para mejorar la calidad de vida de los j\u00f3venes\u201d afirm\u00f3 Adri\u00e1n Palacios titular del Instituto Municipal de la Juventud.<\/p>\n","protected":false},"excerpt":{"rendered":"<p>El Ayuntamiento de Nanchital que preside la Dra. Zoila Balderas Guzm\u00e1n, realizar\u00e1 del 8 al 12 de agosto a trav\u00e9s del Instituto Municipal de la Juventud, una serie de actividades deportivas, culturales y formativas durante la \u201cSemana de la Juventud\u201d. El festej\u00f3 comenzar\u00e1 el mi\u00e9rcoles a las 6 de la tarde en el Parque Benito&hellip; <br \/> <a class=\"read-more\" href=\"https:\/\/www.nanchital.gob.mx\/wp-nanchital\/se-festejara-a-la-juventud-en-nanchital\/\">Leer m\u00e1s<\/a><\/p>\n","protected":false},"author":7,"featured_media":3856,"comment_status":"closed","ping_status":"closed","sticky":false,"template":"","format":"standard","meta":{"footnotes":""},"categories":[4],"tags":[],"class_list":["post-3857","post","type-post","status-publish","format-standard","has-post-thumbnail","hentry","category-noticias"],"_links":{"self":[{"href":"https:\/\/www.nanchital.gob.mx\/wp-nanchital\/wp-json\/wp\/v2\/posts\/3857","targetHints":{"allow":["GET"]}}],"collection":[{"href":"https:\/\/www.nanchital.gob.mx\/wp-nanchital\/wp-json\/wp\/v2\/posts"}],"about":[{"href":"https:\/\/www.nanchital.gob.mx\/wp-nanchital\/wp-json\/wp\/v2\/types\/post"}],"author":[{"embeddable":true,"href":"https:\/\/www.nanchital.gob.mx\/wp-nanchital\/wp-json\/wp\/v2\/users\/7"}],"replies":[{"embeddable":true,"href":"https:\/\/www.nanchital.gob.mx\/wp-nanchital\/wp-json\/wp\/v2\/comments?post=3857"}],"version-history":[{"count":1,"href":"https:\/\/www.nanchital.gob.mx\/wp-nanchital\/wp-json\/wp\/v2\/posts\/3857\/revisions"}],"predecessor-version":[{"id":3859,"href":"https:\/\/www.nanchital.gob.mx\/wp-nanchital\/wp-json\/wp\/v2\/posts\/3857\/revisions\/3859"}],"wp:featuredmedia":[{"embeddable":true,"href":"https:\/\/www.nanchital.gob.mx\/wp-nanchital\/wp-json\/wp\/v2\/media\/3856"}],"wp:attachment":[{"href":"https:\/\/www.nanchital.gob.mx\/wp-nanchital\/wp-json\/wp\/v2\/media?parent=3857"}],"wp:term":[{"taxonomy":"category","embeddable":true,"href":"https:\/\/www.nanchital.gob.mx\/wp-nanchital\/wp-json\/wp\/v2\/categories?post=3857"},{"taxonomy":"post_tag","embeddable":true,"href":"https:\/\/www.nanchital.gob.mx\/wp-nanchital\/wp-json\/wp\/v2\/tags?post=3857"}],"curies":[{"name":"wp","href":"https:\/\/api.w.org\/{rel}","templated":true}]}}