{"id":3853,"date":"2018-08-06T18:16:02","date_gmt":"2018-08-07T00:16:02","guid":{"rendered":"http:\/\/www.nanchital.gob.mx\/?p=3853"},"modified":"2018-08-06T18:16:02","modified_gmt":"2018-08-07T00:16:02","slug":"se-entregan-becas-del-ramo-033-en-nanchital","status":"publish","type":"post","link":"https:\/\/www.nanchital.gob.mx\/wp-nanchital\/se-entregan-becas-del-ramo-033-en-nanchital\/","title":{"rendered":"Se entregan becas del ramo 033 en Nanchital"},"content":{"rendered":"<p>En esta primera entrega fueron 455 alumnos de 14 escuelas primarias y secundarias de Nanchital quienes recibieron los apoyos de becas del ramo 33 del Fondo de Aportaciones para el Fortalecimiento de los Municipios.<\/p>\n<p>\u201cApoyar a nuestros estudiantes es agenda prioritaria, y en esta tarea estamos haciendo esfuerzos para que alcance para m\u00e1s ni\u00f1as y ni\u00f1os, ya que debemos promover y generar las condiciones para que tengan acceso a la educaci\u00f3n que les asegure un futuro de oportunidades\u201d mencion\u00f3 la Dra. Zoila Balderas Guzm\u00e1n, alcaldesa de Nanchital. En breve se publicar\u00e1n otras listas de m\u00e1s beneficiados de esta beca del FORTAMUN para recibir los mil pesos que se otorgan como apoyo.<\/p>\n<p><img fetchpriority=\"high\" decoding=\"async\" class=\" wp-image-3851 aligncenter\" src=\"http:\/\/www.nanchital.gob.mx\/wp-content\/uploads\/38533717_2057129457934761_1914639804297904128_n-300x200.jpg\" alt=\"\" width=\"518\" height=\"345\" srcset=\"https:\/\/www.nanchital.gob.mx\/wp-nanchital\/wp-content\/uploads\/38533717_2057129457934761_1914639804297904128_n-300x200.jpg 300w, https:\/\/www.nanchital.gob.mx\/wp-nanchital\/wp-content\/uploads\/38533717_2057129457934761_1914639804297904128_n-768x512.jpg 768w, https:\/\/www.nanchital.gob.mx\/wp-nanchital\/wp-content\/uploads\/38533717_2057129457934761_1914639804297904128_n.jpg 1024w\" sizes=\"(max-width: 518px) 100vw, 518px\" \/><\/p>\n","protected":false},"excerpt":{"rendered":"<p>En esta primera entrega fueron 455 alumnos de 14 escuelas primarias y secundarias de Nanchital quienes recibieron los apoyos de becas del ramo 33 del Fondo de Aportaciones para el Fortalecimiento de los Municipios. \u201cApoyar a nuestros estudiantes es agenda prioritaria, y en esta tarea estamos haciendo esfuerzos para que alcance para m\u00e1s ni\u00f1as y&hellip; <br \/> <a class=\"read-more\" href=\"https:\/\/www.nanchital.gob.mx\/wp-nanchital\/se-entregan-becas-del-ramo-033-en-nanchital\/\">Leer m\u00e1s<\/a><\/p>\n","protected":false},"author":7,"featured_media":3850,"comment_status":"closed","ping_status":"closed","sticky":false,"template":"","format":"standard","meta":{"footnotes":""},"categories":[4],"tags":[],"class_list":["post-3853","post","type-post","status-publish","format-standard","has-post-thumbnail","hentry","category-noticias"],"_links":{"self":[{"href":"https:\/\/www.nanchital.gob.mx\/wp-nanchital\/wp-json\/wp\/v2\/posts\/3853","targetHints":{"allow":["GET"]}}],"collection":[{"href":"https:\/\/www.nanchital.gob.mx\/wp-nanchital\/wp-json\/wp\/v2\/posts"}],"about":[{"href":"https:\/\/www.nanchital.gob.mx\/wp-nanchital\/wp-json\/wp\/v2\/types\/post"}],"author":[{"embeddable":true,"href":"https:\/\/www.nanchital.gob.mx\/wp-nanchital\/wp-json\/wp\/v2\/users\/7"}],"replies":[{"embeddable":true,"href":"https:\/\/www.nanchital.gob.mx\/wp-nanchital\/wp-json\/wp\/v2\/comments?post=3853"}],"version-history":[{"count":1,"href":"https:\/\/www.nanchital.gob.mx\/wp-nanchital\/wp-json\/wp\/v2\/posts\/3853\/revisions"}],"predecessor-version":[{"id":3855,"href":"https:\/\/www.nanchital.gob.mx\/wp-nanchital\/wp-json\/wp\/v2\/posts\/3853\/revisions\/3855"}],"wp:featuredmedia":[{"embeddable":true,"href":"https:\/\/www.nanchital.gob.mx\/wp-nanchital\/wp-json\/wp\/v2\/media\/3850"}],"wp:attachment":[{"href":"https:\/\/www.nanchital.gob.mx\/wp-nanchital\/wp-json\/wp\/v2\/media?parent=3853"}],"wp:term":[{"taxonomy":"category","embeddable":true,"href":"https:\/\/www.nanchital.gob.mx\/wp-nanchital\/wp-json\/wp\/v2\/categories?post=3853"},{"taxonomy":"post_tag","embeddable":true,"href":"https:\/\/www.nanchital.gob.mx\/wp-nanchital\/wp-json\/wp\/v2\/tags?post=3853"}],"curies":[{"name":"wp","href":"https:\/\/api.w.org\/{rel}","templated":true}]}}