{"id":3707,"date":"2018-08-02T11:30:51","date_gmt":"2018-08-02T17:30:51","guid":{"rendered":"http:\/\/www.nanchital.gob.mx\/?p=3707"},"modified":"2018-08-02T11:30:51","modified_gmt":"2018-08-02T17:30:51","slug":"se-rehabilita-la-cuatro-carriles-desde-nanchital-hasta-la-carretera-a-villahermosa","status":"publish","type":"post","link":"https:\/\/www.nanchital.gob.mx\/wp-nanchital\/se-rehabilita-la-cuatro-carriles-desde-nanchital-hasta-la-carretera-a-villahermosa\/","title":{"rendered":"Se rehabilita la cuatro carriles desde Nanchital hasta la carretera a Villahermosa"},"content":{"rendered":"<p>La Secretar\u00eda de Comunicaciones y Transportes del Gobierno Federal, inici\u00f3 los trabajos para la rehabilitaci\u00f3n de la carretera 4 carriles, esto por las gestiones de los gobiernos municipales de Nanchital, Coatzacoalcos e Ixhuatl\u00e1n del Sureste quienes contemplaron este proyecto para detonar las Zonas Econ\u00f3micas Especiales.<\/p>\n<p>Se realizar\u00e1n trabajos que comprenden reconstrucci\u00f3n de la subrasante, base hidr\u00e1ulica, carpeta asf\u00e1ltica, puentes, drenaje y complementarios en los 3 kil\u00f3metros del camino del entronque de la carretera Coatzacoalcos-Villahermosa hacia Nanchital.<\/p>\n<p><img fetchpriority=\"high\" decoding=\"async\" class=\" wp-image-3706 aligncenter\" src=\"http:\/\/www.nanchital.gob.mx\/wp-content\/uploads\/38213643_10214378456708035_3483720326804668416_n-300x163.jpg\" alt=\"\" width=\"420\" height=\"228\" srcset=\"https:\/\/www.nanchital.gob.mx\/wp-nanchital\/wp-content\/uploads\/38213643_10214378456708035_3483720326804668416_n-300x163.jpg 300w, https:\/\/www.nanchital.gob.mx\/wp-nanchital\/wp-content\/uploads\/38213643_10214378456708035_3483720326804668416_n-768x416.jpg 768w, https:\/\/www.nanchital.gob.mx\/wp-nanchital\/wp-content\/uploads\/38213643_10214378456708035_3483720326804668416_n.jpg 1024w\" sizes=\"(max-width: 420px) 100vw, 420px\" \/><\/p>\n<p>\u201cHoy puedo decir con mucho orgullo que estamos avanzando con acciones y hechos de gran impacto social en nuestra regi\u00f3n, pero principalmente para la gente de Nanchital, con la rehabilitaci\u00f3n de esta carretera que respalda el desarrollo de esta zona con infraestructura que contribuye al dinamismo de su econom\u00eda y al bienestar de sus habitantes\u201d coment\u00f3 la Dra. Zoila Balderas Guzm\u00e1n, alcaldesa de Nanchital. Con esta importante obra se cumple con uno de los compromisos m\u00e1s importantes con la ciudadan\u00eda, que beneficiar\u00e1 a todos los sectores: empresarios, transportistas y sociedad en general.<\/p>\n","protected":false},"excerpt":{"rendered":"<p>La Secretar\u00eda de Comunicaciones y Transportes del Gobierno Federal, inici\u00f3 los trabajos para la rehabilitaci\u00f3n de la carretera 4 carriles, esto por las gestiones de los gobiernos municipales de Nanchital, Coatzacoalcos e Ixhuatl\u00e1n del Sureste quienes contemplaron este proyecto para detonar las Zonas Econ\u00f3micas Especiales. Se realizar\u00e1n trabajos que comprenden reconstrucci\u00f3n de la subrasante, base&hellip; <br \/> <a class=\"read-more\" href=\"https:\/\/www.nanchital.gob.mx\/wp-nanchital\/se-rehabilita-la-cuatro-carriles-desde-nanchital-hasta-la-carretera-a-villahermosa\/\">Leer m\u00e1s<\/a><\/p>\n","protected":false},"author":7,"featured_media":3705,"comment_status":"closed","ping_status":"closed","sticky":false,"template":"","format":"standard","meta":{"footnotes":""},"categories":[4],"tags":[],"class_list":["post-3707","post","type-post","status-publish","format-standard","has-post-thumbnail","hentry","category-noticias"],"_links":{"self":[{"href":"https:\/\/www.nanchital.gob.mx\/wp-nanchital\/wp-json\/wp\/v2\/posts\/3707","targetHints":{"allow":["GET"]}}],"collection":[{"href":"https:\/\/www.nanchital.gob.mx\/wp-nanchital\/wp-json\/wp\/v2\/posts"}],"about":[{"href":"https:\/\/www.nanchital.gob.mx\/wp-nanchital\/wp-json\/wp\/v2\/types\/post"}],"author":[{"embeddable":true,"href":"https:\/\/www.nanchital.gob.mx\/wp-nanchital\/wp-json\/wp\/v2\/users\/7"}],"replies":[{"embeddable":true,"href":"https:\/\/www.nanchital.gob.mx\/wp-nanchital\/wp-json\/wp\/v2\/comments?post=3707"}],"version-history":[{"count":1,"href":"https:\/\/www.nanchital.gob.mx\/wp-nanchital\/wp-json\/wp\/v2\/posts\/3707\/revisions"}],"predecessor-version":[{"id":3709,"href":"https:\/\/www.nanchital.gob.mx\/wp-nanchital\/wp-json\/wp\/v2\/posts\/3707\/revisions\/3709"}],"wp:featuredmedia":[{"embeddable":true,"href":"https:\/\/www.nanchital.gob.mx\/wp-nanchital\/wp-json\/wp\/v2\/media\/3705"}],"wp:attachment":[{"href":"https:\/\/www.nanchital.gob.mx\/wp-nanchital\/wp-json\/wp\/v2\/media?parent=3707"}],"wp:term":[{"taxonomy":"category","embeddable":true,"href":"https:\/\/www.nanchital.gob.mx\/wp-nanchital\/wp-json\/wp\/v2\/categories?post=3707"},{"taxonomy":"post_tag","embeddable":true,"href":"https:\/\/www.nanchital.gob.mx\/wp-nanchital\/wp-json\/wp\/v2\/tags?post=3707"}],"curies":[{"name":"wp","href":"https:\/\/api.w.org\/{rel}","templated":true}]}}