{"id":3700,"date":"2018-08-01T14:05:10","date_gmt":"2018-08-01T20:05:10","guid":{"rendered":"http:\/\/www.nanchital.gob.mx\/?p=3700"},"modified":"2018-08-01T14:05:10","modified_gmt":"2018-08-01T20:05:10","slug":"impartiran-clase-muestra-de-locucion-actuacion-y-doblaje-de-voz-en-casa-de-cultura","status":"publish","type":"post","link":"https:\/\/www.nanchital.gob.mx\/wp-nanchital\/impartiran-clase-muestra-de-locucion-actuacion-y-doblaje-de-voz-en-casa-de-cultura\/","title":{"rendered":"Impartir\u00e1n clase muestra de Locuci\u00f3n, actuaci\u00f3n y doblaje de voz en Casa de Cultura"},"content":{"rendered":"<p>Ser\u00e1 el pr\u00f3ximo lunes 6 de agosto a las 4 de la tarde cuando se imparta la clase muestra de Locuci\u00f3n, actuaci\u00f3n y doblaje de voz en la Casa de Cultura.<\/p>\n<p>Esta \u00fanica clase se enfoca a ni\u00f1os y j\u00f3venes de 7 a\u00f1os en adelante y se realizar\u00e1 de manera gratuita para motivar a los interesados en ser parte de un taller de mayor duraci\u00f3n que se pretende realizar en Casa de Cultura.<\/p>\n<p>\u201cEl encargado de dar este taller es el joven talento nanchiteco Jos\u00e9 Airam Castro Guevara, quien se form\u00f3 en talleres de locuci\u00f3n, doblaje y actuaci\u00f3n en la Universidad de la Voz TENA, adem\u00e1s de otros cursos en Astillero Teatro y de Educar la voz para doblaje de videojuegos, una aportaci\u00f3n a su comunidad que hace este joven, agradeciendo el apoyo que la alcaldesa de Nanchital Dra. Zoila Balderas Guzm\u00e1n, est\u00e1 brindando para que esta actividad de lleve a cabo\u201d, coment\u00f3 Sandra Lidia Islas Medina titular de la Casa de Cultura Nanchital. Se espera que con actividades como \u00e9stas, se generen las condiciones para abrir m\u00e1s talleres para el pr\u00f3ximo ciclo de Casa de Cultura que comenzar\u00e1 entre finales de Agosto e inicio de Septiembre.<\/p>\n","protected":false},"excerpt":{"rendered":"<p>Ser\u00e1 el pr\u00f3ximo lunes 6 de agosto a las 4 de la tarde cuando se imparta la clase muestra de Locuci\u00f3n, actuaci\u00f3n y doblaje de voz en la Casa de Cultura. Esta \u00fanica clase se enfoca a ni\u00f1os y j\u00f3venes de 7 a\u00f1os en adelante y se realizar\u00e1 de manera gratuita para motivar a los&hellip; <br \/> <a class=\"read-more\" href=\"https:\/\/www.nanchital.gob.mx\/wp-nanchital\/impartiran-clase-muestra-de-locucion-actuacion-y-doblaje-de-voz-en-casa-de-cultura\/\">Leer m\u00e1s<\/a><\/p>\n","protected":false},"author":7,"featured_media":3699,"comment_status":"closed","ping_status":"closed","sticky":false,"template":"","format":"standard","meta":{"footnotes":""},"categories":[4],"tags":[],"class_list":["post-3700","post","type-post","status-publish","format-standard","has-post-thumbnail","hentry","category-noticias"],"_links":{"self":[{"href":"https:\/\/www.nanchital.gob.mx\/wp-nanchital\/wp-json\/wp\/v2\/posts\/3700","targetHints":{"allow":["GET"]}}],"collection":[{"href":"https:\/\/www.nanchital.gob.mx\/wp-nanchital\/wp-json\/wp\/v2\/posts"}],"about":[{"href":"https:\/\/www.nanchital.gob.mx\/wp-nanchital\/wp-json\/wp\/v2\/types\/post"}],"author":[{"embeddable":true,"href":"https:\/\/www.nanchital.gob.mx\/wp-nanchital\/wp-json\/wp\/v2\/users\/7"}],"replies":[{"embeddable":true,"href":"https:\/\/www.nanchital.gob.mx\/wp-nanchital\/wp-json\/wp\/v2\/comments?post=3700"}],"version-history":[{"count":1,"href":"https:\/\/www.nanchital.gob.mx\/wp-nanchital\/wp-json\/wp\/v2\/posts\/3700\/revisions"}],"predecessor-version":[{"id":3702,"href":"https:\/\/www.nanchital.gob.mx\/wp-nanchital\/wp-json\/wp\/v2\/posts\/3700\/revisions\/3702"}],"wp:featuredmedia":[{"embeddable":true,"href":"https:\/\/www.nanchital.gob.mx\/wp-nanchital\/wp-json\/wp\/v2\/media\/3699"}],"wp:attachment":[{"href":"https:\/\/www.nanchital.gob.mx\/wp-nanchital\/wp-json\/wp\/v2\/media?parent=3700"}],"wp:term":[{"taxonomy":"category","embeddable":true,"href":"https:\/\/www.nanchital.gob.mx\/wp-nanchital\/wp-json\/wp\/v2\/categories?post=3700"},{"taxonomy":"post_tag","embeddable":true,"href":"https:\/\/www.nanchital.gob.mx\/wp-nanchital\/wp-json\/wp\/v2\/tags?post=3700"}],"curies":[{"name":"wp","href":"https:\/\/api.w.org\/{rel}","templated":true}]}}