{"id":3696,"date":"2018-08-01T12:47:21","date_gmt":"2018-08-01T18:47:21","guid":{"rendered":"http:\/\/www.nanchital.gob.mx\/?p=3696"},"modified":"2018-08-01T12:47:21","modified_gmt":"2018-08-01T18:47:21","slug":"super-poderes-para-el-exito-celebrando-a-los-comerciantes-de-nanchital","status":"publish","type":"post","link":"https:\/\/www.nanchital.gob.mx\/wp-nanchital\/super-poderes-para-el-exito-celebrando-a-los-comerciantes-de-nanchital\/","title":{"rendered":"\u201cS\u00faper poderes para el \u00e9xito\u201d celebrando a los comerciantes de Nanchital"},"content":{"rendered":"<p>Con la presencia de autoridades del Ayuntamiento de Nanchital, de la Procuradur\u00eda Federal del Consumidor y del Sistema de Administraci\u00f3n Tributaria, se llev\u00f3 a cabo la celebraci\u00f3n del D\u00eda del Comerciante con la conferencia \u201cS\u00faper poderes para el \u00e9xito\u201d.<\/p>\n<p>La ponente fue la Dra. Rebeca Serrano Jim\u00e9nez quien coment\u00f3 a los comerciantes las claves para fijar metas en sus emprendimientos y comercios, para lograr con ello no s\u00f3lo el \u00e9xito en los mismos, sino tambi\u00e9n en todas las \u00e1reas de su vida diaria. Al finalizar se entregaron reconocimientos y obsequios a los comerciantes que fueron los primeros en acudir a realizar su empadronamiento, tambi\u00e9n recibieron informaci\u00f3n importante por los representantes de la PROFECO y el SAT, en las que se anunci\u00f3 la realizaci\u00f3n de una nueva conferencia para el 20 de Agosto y de la posibilidad de que se instale un m\u00f3dulo de atenci\u00f3n al consumidor en Nanchital.<\/p>\n<p><img fetchpriority=\"high\" decoding=\"async\" class=\" wp-image-3695 aligncenter\" src=\"http:\/\/www.nanchital.gob.mx\/wp-content\/uploads\/38186298_10214371822862193_7755811999920947200_n-1-300x171.jpg\" alt=\"\" width=\"467\" height=\"266\" srcset=\"https:\/\/www.nanchital.gob.mx\/wp-nanchital\/wp-content\/uploads\/38186298_10214371822862193_7755811999920947200_n-1-300x171.jpg 300w, https:\/\/www.nanchital.gob.mx\/wp-nanchital\/wp-content\/uploads\/38186298_10214371822862193_7755811999920947200_n-1-768x439.jpg 768w, https:\/\/www.nanchital.gob.mx\/wp-nanchital\/wp-content\/uploads\/38186298_10214371822862193_7755811999920947200_n-1.jpg 1024w\" sizes=\"(max-width: 467px) 100vw, 467px\" \/><\/p>\n<p>\u201cPara la administraci\u00f3n municipal que dirige la Dra. Zoila Balderas Guzm\u00e1n, es de vital importancia seguir teniendo estas actividades para fortalecer el comercio local, queremos impulsar una serie de acciones de capacitaci\u00f3n y promoci\u00f3n de los productos y servicios de Nanchital para lograr aumentar el comercio, invitamos a la gente a que se acerque, que con gusto vamos a apoyarles\u201d coment\u00f3 la Lic. Irais Torres Chang, directora de comercio municipal.<\/p>\n","protected":false},"excerpt":{"rendered":"<p>Con la presencia de autoridades del Ayuntamiento de Nanchital, de la Procuradur\u00eda Federal del Consumidor y del Sistema de Administraci\u00f3n Tributaria, se llev\u00f3 a cabo la celebraci\u00f3n del D\u00eda del Comerciante con la conferencia \u201cS\u00faper poderes para el \u00e9xito\u201d. La ponente fue la Dra. Rebeca Serrano Jim\u00e9nez quien coment\u00f3 a los comerciantes las claves para&hellip; <br \/> <a class=\"read-more\" href=\"https:\/\/www.nanchital.gob.mx\/wp-nanchital\/super-poderes-para-el-exito-celebrando-a-los-comerciantes-de-nanchital\/\">Leer m\u00e1s<\/a><\/p>\n","protected":false},"author":7,"featured_media":3693,"comment_status":"closed","ping_status":"closed","sticky":false,"template":"","format":"standard","meta":{"footnotes":""},"categories":[4],"tags":[],"class_list":["post-3696","post","type-post","status-publish","format-standard","has-post-thumbnail","hentry","category-noticias"],"_links":{"self":[{"href":"https:\/\/www.nanchital.gob.mx\/wp-nanchital\/wp-json\/wp\/v2\/posts\/3696","targetHints":{"allow":["GET"]}}],"collection":[{"href":"https:\/\/www.nanchital.gob.mx\/wp-nanchital\/wp-json\/wp\/v2\/posts"}],"about":[{"href":"https:\/\/www.nanchital.gob.mx\/wp-nanchital\/wp-json\/wp\/v2\/types\/post"}],"author":[{"embeddable":true,"href":"https:\/\/www.nanchital.gob.mx\/wp-nanchital\/wp-json\/wp\/v2\/users\/7"}],"replies":[{"embeddable":true,"href":"https:\/\/www.nanchital.gob.mx\/wp-nanchital\/wp-json\/wp\/v2\/comments?post=3696"}],"version-history":[{"count":1,"href":"https:\/\/www.nanchital.gob.mx\/wp-nanchital\/wp-json\/wp\/v2\/posts\/3696\/revisions"}],"predecessor-version":[{"id":3698,"href":"https:\/\/www.nanchital.gob.mx\/wp-nanchital\/wp-json\/wp\/v2\/posts\/3696\/revisions\/3698"}],"wp:featuredmedia":[{"embeddable":true,"href":"https:\/\/www.nanchital.gob.mx\/wp-nanchital\/wp-json\/wp\/v2\/media\/3693"}],"wp:attachment":[{"href":"https:\/\/www.nanchital.gob.mx\/wp-nanchital\/wp-json\/wp\/v2\/media?parent=3696"}],"wp:term":[{"taxonomy":"category","embeddable":true,"href":"https:\/\/www.nanchital.gob.mx\/wp-nanchital\/wp-json\/wp\/v2\/categories?post=3696"},{"taxonomy":"post_tag","embeddable":true,"href":"https:\/\/www.nanchital.gob.mx\/wp-nanchital\/wp-json\/wp\/v2\/tags?post=3696"}],"curies":[{"name":"wp","href":"https:\/\/api.w.org\/{rel}","templated":true}]}}