{"id":3683,"date":"2018-07-31T13:35:19","date_gmt":"2018-07-31T19:35:19","guid":{"rendered":"http:\/\/www.nanchital.gob.mx\/?p=3683"},"modified":"2018-07-31T13:35:19","modified_gmt":"2018-07-31T19:35:19","slug":"celebraran-el-dia-del-comerciante-con-conferencia-magistral","status":"publish","type":"post","link":"https:\/\/www.nanchital.gob.mx\/wp-nanchital\/celebraran-el-dia-del-comerciante-con-conferencia-magistral\/","title":{"rendered":"Celebrar\u00e1n el D\u00eda del comerciante con Conferencia Magistral"},"content":{"rendered":"<p>Para celebrar el D\u00eda del comerciante, el Ayuntamiento de Nanchital que preside la Dra. Zoila Balderas Guzm\u00e1n, a trav\u00e9s de la Regidur\u00eda Segunda y la Direcci\u00f3n de Comercio, llevar\u00e1n a cabo la conferencia \u201cSuperpoderes para el \u00e9xito\u201d impartida por la Dra. Rebeca Serrano Jim\u00e9nez.<\/p>\n<p>La charla se realizar\u00e1 en la Casa de Cultura este 1 de Agosto a las 8 y media de la ma\u00f1ana en el sal\u00f3n 22 con acceso libre a quienes deseen acudir para recibir un mensaje motivacional de esta ponente que es Coach Life Integral Profesional Certificada por Academia de Coaching y Capacitaci\u00f3n Americana de Miami, Florida (Estados Unidos) y Coach Master &amp; Practitioner en Programaci\u00f3n Neuroling\u00fc\u00edstica por el Tecnol\u00f3gico de Monterrey.<\/p>\n<p>\u201cEstamos muy contentos porque se nos dio la oportunidad a trav\u00e9s de la Dra. Zoila Balderas que siempre est\u00e1 al pendiente de los comerciantes, de hacer esta conferencia a la cual se est\u00e1 citando a las 8 y media de la ma\u00f1ana para facilidad de quienes tienen sus negocios, ya que as\u00ed pueden asistir al evento sin descuidar los horarios de sus ventas\u201d afirm\u00f3 la Lic. Irais Torres Chang, directora de Comercio.<\/p>\n<p><img fetchpriority=\"high\" decoding=\"async\" class=\" wp-image-3682 aligncenter\" src=\"http:\/\/www.nanchital.gob.mx\/wp-content\/uploads\/38124904_10214364887248807_7024090597933711360_n-300x178.jpg\" alt=\"\" width=\"394\" height=\"234\" srcset=\"https:\/\/www.nanchital.gob.mx\/wp-nanchital\/wp-content\/uploads\/38124904_10214364887248807_7024090597933711360_n-300x178.jpg 300w, https:\/\/www.nanchital.gob.mx\/wp-nanchital\/wp-content\/uploads\/38124904_10214364887248807_7024090597933711360_n-768x455.jpg 768w, https:\/\/www.nanchital.gob.mx\/wp-nanchital\/wp-content\/uploads\/38124904_10214364887248807_7024090597933711360_n.jpg 1024w\" sizes=\"(max-width: 394px) 100vw, 394px\" \/><\/p>\n","protected":false},"excerpt":{"rendered":"<p>Para celebrar el D\u00eda del comerciante, el Ayuntamiento de Nanchital que preside la Dra. Zoila Balderas Guzm\u00e1n, a trav\u00e9s de la Regidur\u00eda Segunda y la Direcci\u00f3n de Comercio, llevar\u00e1n a cabo la conferencia \u201cSuperpoderes para el \u00e9xito\u201d impartida por la Dra. Rebeca Serrano Jim\u00e9nez. La charla se realizar\u00e1 en la Casa de Cultura este 1&hellip; <br \/> <a class=\"read-more\" href=\"https:\/\/www.nanchital.gob.mx\/wp-nanchital\/celebraran-el-dia-del-comerciante-con-conferencia-magistral\/\">Leer m\u00e1s<\/a><\/p>\n","protected":false},"author":7,"featured_media":3681,"comment_status":"closed","ping_status":"closed","sticky":false,"template":"","format":"standard","meta":{"footnotes":""},"categories":[4],"tags":[],"class_list":["post-3683","post","type-post","status-publish","format-standard","has-post-thumbnail","hentry","category-noticias"],"_links":{"self":[{"href":"https:\/\/www.nanchital.gob.mx\/wp-nanchital\/wp-json\/wp\/v2\/posts\/3683","targetHints":{"allow":["GET"]}}],"collection":[{"href":"https:\/\/www.nanchital.gob.mx\/wp-nanchital\/wp-json\/wp\/v2\/posts"}],"about":[{"href":"https:\/\/www.nanchital.gob.mx\/wp-nanchital\/wp-json\/wp\/v2\/types\/post"}],"author":[{"embeddable":true,"href":"https:\/\/www.nanchital.gob.mx\/wp-nanchital\/wp-json\/wp\/v2\/users\/7"}],"replies":[{"embeddable":true,"href":"https:\/\/www.nanchital.gob.mx\/wp-nanchital\/wp-json\/wp\/v2\/comments?post=3683"}],"version-history":[{"count":1,"href":"https:\/\/www.nanchital.gob.mx\/wp-nanchital\/wp-json\/wp\/v2\/posts\/3683\/revisions"}],"predecessor-version":[{"id":3685,"href":"https:\/\/www.nanchital.gob.mx\/wp-nanchital\/wp-json\/wp\/v2\/posts\/3683\/revisions\/3685"}],"wp:featuredmedia":[{"embeddable":true,"href":"https:\/\/www.nanchital.gob.mx\/wp-nanchital\/wp-json\/wp\/v2\/media\/3681"}],"wp:attachment":[{"href":"https:\/\/www.nanchital.gob.mx\/wp-nanchital\/wp-json\/wp\/v2\/media?parent=3683"}],"wp:term":[{"taxonomy":"category","embeddable":true,"href":"https:\/\/www.nanchital.gob.mx\/wp-nanchital\/wp-json\/wp\/v2\/categories?post=3683"},{"taxonomy":"post_tag","embeddable":true,"href":"https:\/\/www.nanchital.gob.mx\/wp-nanchital\/wp-json\/wp\/v2\/tags?post=3683"}],"curies":[{"name":"wp","href":"https:\/\/api.w.org\/{rel}","templated":true}]}}