{"id":3516,"date":"2018-07-27T13:48:45","date_gmt":"2018-07-27T19:48:45","guid":{"rendered":"http:\/\/www.nanchital.gob.mx\/?p=3516"},"modified":"2018-07-27T13:48:45","modified_gmt":"2018-07-27T19:48:45","slug":"concluyeron-actividades-del-curso-mi-verano-deportivo","status":"publish","type":"post","link":"https:\/\/www.nanchital.gob.mx\/wp-nanchital\/concluyeron-actividades-del-curso-mi-verano-deportivo\/","title":{"rendered":"Concluyeron actividades del curso Mi verano Deportivo"},"content":{"rendered":"<p>El Ayuntamiento de Nanchital que preside la Dra. Zoila Balderas Guzm\u00e1n, a trav\u00e9s de la Regidur\u00eda Segunda y la Comisi\u00f3n Municipal del Deporte, llevaron a cabo del <strong>16 al 27 de julio<\/strong>, la primera edici\u00f3n del curso Mi verano deportivo.<\/p>\n<p>La sede fue la <strong>Unidad Deportiva de la Colonia Guadalupe Tepeyac<\/strong> en la que 13 ni\u00f1os de diferentes edades pudieron aprender m\u00e1s sobre deportes como el Volibol, Basquetbol, Tenis, Box, Futbol y Zumba Kids.<\/p>\n<p>En el evento los peque\u00f1os realizaron una actividad para desarrollar su capacidad motriz a trav\u00e9s de ejercicios de obst\u00e1culos y recibieron de manos de las autoridades y profesores de cada una de las disciplinas deportivas sus reconocimientos por haber concluido satisfactoriamente el curso.<\/p>\n<p><img fetchpriority=\"high\" decoding=\"async\" class=\" wp-image-3515 aligncenter\" src=\"http:\/\/www.nanchital.gob.mx\/wp-content\/uploads\/37913429_10214331245567786_7590447040241336320_n-300x188.jpg\" alt=\"\" width=\"415\" height=\"260\" srcset=\"https:\/\/www.nanchital.gob.mx\/wp-nanchital\/wp-content\/uploads\/37913429_10214331245567786_7590447040241336320_n-300x188.jpg 300w, https:\/\/www.nanchital.gob.mx\/wp-nanchital\/wp-content\/uploads\/37913429_10214331245567786_7590447040241336320_n-768x482.jpg 768w, https:\/\/www.nanchital.gob.mx\/wp-nanchital\/wp-content\/uploads\/37913429_10214331245567786_7590447040241336320_n.jpg 1024w\" sizes=\"(max-width: 415px) 100vw, 415px\" \/><\/p>\n<p>\u201cComo Gobierno Municipal seguiremos impulsando el deporte en los ni\u00f1os, creemos que tenemos mucho talento en nuestra ciudad, y que hay que seguir generando actividades en nuestros espacios deportivos para que las aprovechen\u201d, coment\u00f3 el Lic. Francisco Felipe Balderas P\u00e9rez, Regidor Segundo.<\/p>\n","protected":false},"excerpt":{"rendered":"<p>El Ayuntamiento de Nanchital que preside la Dra. Zoila Balderas Guzm\u00e1n, a trav\u00e9s de la Regidur\u00eda Segunda y la Comisi\u00f3n Municipal del Deporte, llevaron a cabo del 16 al 27 de julio, la primera edici\u00f3n del curso Mi verano deportivo. La sede fue la Unidad Deportiva de la Colonia Guadalupe Tepeyac en la que 13&hellip; <br \/> <a class=\"read-more\" href=\"https:\/\/www.nanchital.gob.mx\/wp-nanchital\/concluyeron-actividades-del-curso-mi-verano-deportivo\/\">Leer m\u00e1s<\/a><\/p>\n","protected":false},"author":7,"featured_media":3514,"comment_status":"closed","ping_status":"closed","sticky":false,"template":"","format":"standard","meta":{"footnotes":""},"categories":[4],"tags":[],"class_list":["post-3516","post","type-post","status-publish","format-standard","has-post-thumbnail","hentry","category-noticias"],"_links":{"self":[{"href":"https:\/\/www.nanchital.gob.mx\/wp-nanchital\/wp-json\/wp\/v2\/posts\/3516","targetHints":{"allow":["GET"]}}],"collection":[{"href":"https:\/\/www.nanchital.gob.mx\/wp-nanchital\/wp-json\/wp\/v2\/posts"}],"about":[{"href":"https:\/\/www.nanchital.gob.mx\/wp-nanchital\/wp-json\/wp\/v2\/types\/post"}],"author":[{"embeddable":true,"href":"https:\/\/www.nanchital.gob.mx\/wp-nanchital\/wp-json\/wp\/v2\/users\/7"}],"replies":[{"embeddable":true,"href":"https:\/\/www.nanchital.gob.mx\/wp-nanchital\/wp-json\/wp\/v2\/comments?post=3516"}],"version-history":[{"count":1,"href":"https:\/\/www.nanchital.gob.mx\/wp-nanchital\/wp-json\/wp\/v2\/posts\/3516\/revisions"}],"predecessor-version":[{"id":3518,"href":"https:\/\/www.nanchital.gob.mx\/wp-nanchital\/wp-json\/wp\/v2\/posts\/3516\/revisions\/3518"}],"wp:featuredmedia":[{"embeddable":true,"href":"https:\/\/www.nanchital.gob.mx\/wp-nanchital\/wp-json\/wp\/v2\/media\/3514"}],"wp:attachment":[{"href":"https:\/\/www.nanchital.gob.mx\/wp-nanchital\/wp-json\/wp\/v2\/media?parent=3516"}],"wp:term":[{"taxonomy":"category","embeddable":true,"href":"https:\/\/www.nanchital.gob.mx\/wp-nanchital\/wp-json\/wp\/v2\/categories?post=3516"},{"taxonomy":"post_tag","embeddable":true,"href":"https:\/\/www.nanchital.gob.mx\/wp-nanchital\/wp-json\/wp\/v2\/tags?post=3516"}],"curies":[{"name":"wp","href":"https:\/\/api.w.org\/{rel}","templated":true}]}}