{"id":3470,"date":"2018-07-26T14:46:11","date_gmt":"2018-07-26T20:46:11","guid":{"rendered":"http:\/\/www.nanchital.gob.mx\/?p=3470"},"modified":"2018-07-26T16:43:43","modified_gmt":"2018-07-26T22:43:43","slug":"el-proximo-lunes-reiniciaran-preparacion-para-copa-telmex-juvenil","status":"publish","type":"post","link":"https:\/\/www.nanchital.gob.mx\/wp-nanchital\/el-proximo-lunes-reiniciaran-preparacion-para-copa-telmex-juvenil\/","title":{"rendered":"El pr\u00f3ximo lunes reiniciar\u00e1n preparaci\u00f3n para Copa Telmex Juvenil"},"content":{"rendered":"<p>En el mes de Marzo se iniciaron las visorias en las que m\u00e1s de 120 j\u00f3venes de las categor\u00edas 2000 a 2003, acudieron al<strong> Campo de F\u00fatbol El Polvor\u00edn<\/strong>, para integrar el selectivo que representar\u00e1 a <em><strong>Nanchital en la Copa Telmex Juvenil<\/strong><\/em>, en la que el municipio ser\u00e1 <strong>sede Estatal<\/strong>.<\/p>\n<p>Aunque se vieron interrumpidos los trabajos por diversas actividades, el pr\u00f3ximo lunes 30 de Julio se reanudar\u00e1n los entrenamientos para preparar a los seleccionados de cara al torneo que se realizar\u00e1 en Septiembre.<\/p>\n<p>\u201cDespu\u00e9s de haber sido una sede exitosa del torneo De la calle a la cancha de Street Soccer, ahora Nanchital va a ser sede Estatal de una competencia de f<em>\u00fatbol varonil en la categor\u00eda juvenil<\/em> tan importante como esta, esto no se podr\u00eda haber logrado sin el respaldo total de nuestra alcaldesa Dra. Zoila Balderas Guzm\u00e1n, qui\u00e9n en su af\u00e1n de promover el deporte en los j\u00f3venes, impulsa este torneo en el que <em>recibiremos a 8 equipos<\/em> de todo el Estado\u201d coment\u00f3 Omar Santiago Garc\u00eda, titular de la COMUDE.<\/p>\n","protected":false},"excerpt":{"rendered":"<p>En el mes de Marzo se iniciaron las visorias en las que m\u00e1s de 120 j\u00f3venes de las categor\u00edas 2000 a 2003, acudieron al Campo de F\u00fatbol El Polvor\u00edn, para integrar el selectivo que representar\u00e1 a Nanchital en la Copa Telmex Juvenil, en la que el municipio ser\u00e1 sede Estatal. Aunque se vieron interrumpidos los&hellip; <br \/> <a class=\"read-more\" href=\"https:\/\/www.nanchital.gob.mx\/wp-nanchital\/el-proximo-lunes-reiniciaran-preparacion-para-copa-telmex-juvenil\/\">Leer m\u00e1s<\/a><\/p>\n","protected":false},"author":7,"featured_media":3469,"comment_status":"closed","ping_status":"closed","sticky":false,"template":"","format":"standard","meta":{"footnotes":""},"categories":[4],"tags":[],"class_list":["post-3470","post","type-post","status-publish","format-standard","has-post-thumbnail","hentry","category-noticias"],"_links":{"self":[{"href":"https:\/\/www.nanchital.gob.mx\/wp-nanchital\/wp-json\/wp\/v2\/posts\/3470","targetHints":{"allow":["GET"]}}],"collection":[{"href":"https:\/\/www.nanchital.gob.mx\/wp-nanchital\/wp-json\/wp\/v2\/posts"}],"about":[{"href":"https:\/\/www.nanchital.gob.mx\/wp-nanchital\/wp-json\/wp\/v2\/types\/post"}],"author":[{"embeddable":true,"href":"https:\/\/www.nanchital.gob.mx\/wp-nanchital\/wp-json\/wp\/v2\/users\/7"}],"replies":[{"embeddable":true,"href":"https:\/\/www.nanchital.gob.mx\/wp-nanchital\/wp-json\/wp\/v2\/comments?post=3470"}],"version-history":[{"count":3,"href":"https:\/\/www.nanchital.gob.mx\/wp-nanchital\/wp-json\/wp\/v2\/posts\/3470\/revisions"}],"predecessor-version":[{"id":3490,"href":"https:\/\/www.nanchital.gob.mx\/wp-nanchital\/wp-json\/wp\/v2\/posts\/3470\/revisions\/3490"}],"wp:featuredmedia":[{"embeddable":true,"href":"https:\/\/www.nanchital.gob.mx\/wp-nanchital\/wp-json\/wp\/v2\/media\/3469"}],"wp:attachment":[{"href":"https:\/\/www.nanchital.gob.mx\/wp-nanchital\/wp-json\/wp\/v2\/media?parent=3470"}],"wp:term":[{"taxonomy":"category","embeddable":true,"href":"https:\/\/www.nanchital.gob.mx\/wp-nanchital\/wp-json\/wp\/v2\/categories?post=3470"},{"taxonomy":"post_tag","embeddable":true,"href":"https:\/\/www.nanchital.gob.mx\/wp-nanchital\/wp-json\/wp\/v2\/tags?post=3470"}],"curies":[{"name":"wp","href":"https:\/\/api.w.org\/{rel}","templated":true}]}}