{"id":3434,"date":"2018-07-26T08:44:21","date_gmt":"2018-07-26T14:44:21","guid":{"rendered":"http:\/\/www.nanchital.gob.mx\/?p=3434"},"modified":"2018-07-26T08:49:04","modified_gmt":"2018-07-26T14:49:04","slug":"el-30-de-julio-finaliza-recepcion-de-documentos-para-bodas-colectivas","status":"publish","type":"post","link":"https:\/\/www.nanchital.gob.mx\/wp-nanchital\/el-30-de-julio-finaliza-recepcion-de-documentos-para-bodas-colectivas\/","title":{"rendered":"El 30 de Julio finaliza recepci\u00f3n de documentos para bodas colectivas"},"content":{"rendered":"<p>El pr\u00f3ximo Lunes 30 de Julio finaliza el plazo para la recepci\u00f3n de documentos de las <strong><em>bodas colectivas<\/em><\/strong> que el Ayuntamiento de Nanchital que preside la Dra. Zoila Balderas Guzm\u00e1n, en conjunto con el Registro Civil y el DIF Municipal, organizan para el<strong><em> 3 de agosto<\/em><\/strong>.<\/p>\n<p>Los<strong> documentos que se deben presentar en la oficina del Registro Civil son<\/strong>: <em>Solicitud de matrimonio, acta de nacimiento certificada y actualizada de los contrayentes, certificados prenupciales expedidos por el Centro de Salud, copias del INE de contrayentes y testigos.<\/em><\/p>\n<p>Este evento se realiza por la conmemoraci\u00f3n del <strong>159 aniversario de la Fundaci\u00f3n del Registro Civil<\/strong>, siendo el Estado de Veracruz, la primera entidad en la que se llevar\u00eda a cabo la creaci\u00f3n de dicha dependencia, de tal suceso la historia marca lo siguiente:<em> \u201cPara el 28 de julio de 1859, en Veracruz, a cargo del Presidente Benito Ju\u00e1rez, se expiden las Leyes de Reforma, y con ellas, el establecimiento formal en M\u00e9xico del Registro Civil y su nueva Ley Org\u00e1nica. As\u00ed mismo, el 28 de julio de ese mismo a\u00f1o, fue promulgada la Ley sobre el Estado Civil de las Personas.\u201d<\/em><\/p>\n<p><img fetchpriority=\"high\" decoding=\"async\" class=\" wp-image-3437 aligncenter\" src=\"http:\/\/www.nanchital.gob.mx\/wp-content\/uploads\/37869159_10214321260478165_8106217112923537408_n-232x300.jpg\" alt=\"\" width=\"462\" height=\"597\" srcset=\"https:\/\/www.nanchital.gob.mx\/wp-nanchital\/wp-content\/uploads\/37869159_10214321260478165_8106217112923537408_n-232x300.jpg 232w, https:\/\/www.nanchital.gob.mx\/wp-nanchital\/wp-content\/uploads\/37869159_10214321260478165_8106217112923537408_n-768x994.jpg 768w, https:\/\/www.nanchital.gob.mx\/wp-nanchital\/wp-content\/uploads\/37869159_10214321260478165_8106217112923537408_n.jpg 791w, https:\/\/www.nanchital.gob.mx\/wp-nanchital\/wp-content\/uploads\/37869159_10214321260478165_8106217112923537408_n-1024x1326.jpg 1024w\" sizes=\"(max-width: 462px) 100vw, 462px\" \/><\/p>\n","protected":false},"excerpt":{"rendered":"<p>El pr\u00f3ximo Lunes 30 de Julio finaliza el plazo para la recepci\u00f3n de documentos de las bodas colectivas que el Ayuntamiento de Nanchital que preside la Dra. Zoila Balderas Guzm\u00e1n, en conjunto con el Registro Civil y el DIF Municipal, organizan para el 3 de agosto. Los documentos que se deben presentar en la oficina&hellip; <br \/> <a class=\"read-more\" href=\"https:\/\/www.nanchital.gob.mx\/wp-nanchital\/el-30-de-julio-finaliza-recepcion-de-documentos-para-bodas-colectivas\/\">Leer m\u00e1s<\/a><\/p>\n","protected":false},"author":7,"featured_media":3433,"comment_status":"closed","ping_status":"closed","sticky":false,"template":"","format":"standard","meta":{"footnotes":""},"categories":[4],"tags":[],"class_list":["post-3434","post","type-post","status-publish","format-standard","has-post-thumbnail","hentry","category-noticias"],"_links":{"self":[{"href":"https:\/\/www.nanchital.gob.mx\/wp-nanchital\/wp-json\/wp\/v2\/posts\/3434","targetHints":{"allow":["GET"]}}],"collection":[{"href":"https:\/\/www.nanchital.gob.mx\/wp-nanchital\/wp-json\/wp\/v2\/posts"}],"about":[{"href":"https:\/\/www.nanchital.gob.mx\/wp-nanchital\/wp-json\/wp\/v2\/types\/post"}],"author":[{"embeddable":true,"href":"https:\/\/www.nanchital.gob.mx\/wp-nanchital\/wp-json\/wp\/v2\/users\/7"}],"replies":[{"embeddable":true,"href":"https:\/\/www.nanchital.gob.mx\/wp-nanchital\/wp-json\/wp\/v2\/comments?post=3434"}],"version-history":[{"count":2,"href":"https:\/\/www.nanchital.gob.mx\/wp-nanchital\/wp-json\/wp\/v2\/posts\/3434\/revisions"}],"predecessor-version":[{"id":3438,"href":"https:\/\/www.nanchital.gob.mx\/wp-nanchital\/wp-json\/wp\/v2\/posts\/3434\/revisions\/3438"}],"wp:featuredmedia":[{"embeddable":true,"href":"https:\/\/www.nanchital.gob.mx\/wp-nanchital\/wp-json\/wp\/v2\/media\/3433"}],"wp:attachment":[{"href":"https:\/\/www.nanchital.gob.mx\/wp-nanchital\/wp-json\/wp\/v2\/media?parent=3434"}],"wp:term":[{"taxonomy":"category","embeddable":true,"href":"https:\/\/www.nanchital.gob.mx\/wp-nanchital\/wp-json\/wp\/v2\/categories?post=3434"},{"taxonomy":"post_tag","embeddable":true,"href":"https:\/\/www.nanchital.gob.mx\/wp-nanchital\/wp-json\/wp\/v2\/tags?post=3434"}],"curies":[{"name":"wp","href":"https:\/\/api.w.org\/{rel}","templated":true}]}}