{"id":3422,"date":"2018-07-25T13:49:22","date_gmt":"2018-07-25T19:49:22","guid":{"rendered":"http:\/\/www.nanchital.gob.mx\/?p=3422"},"modified":"2018-07-25T14:52:22","modified_gmt":"2018-07-25T20:52:22","slug":"conmemoran-el-dia-de-naranja-con-campana-el-por-ella","status":"publish","type":"post","link":"https:\/\/www.nanchital.gob.mx\/wp-nanchital\/conmemoran-el-dia-de-naranja-con-campana-el-por-ella\/","title":{"rendered":"Conmemoran el d\u00eda de Naranja con campa\u00f1a \u00c9l por ella"},"content":{"rendered":"<p>Como parte de la conmemoraci\u00f3n del <strong>D\u00eda Naranja<\/strong> elementos de la <strong>Delegaci\u00f3n de Tr\u00e1nsito No. 41<\/strong> y personal del <strong>Instituto Municipal de la Mujer<\/strong> firmaron el compromiso de la campa\u00f1a <em><strong>\u00c9l por ella (HeforShe)<\/strong><\/em>.<\/p>\n<p><img fetchpriority=\"high\" decoding=\"async\" class=\" wp-image-3428 aligncenter\" src=\"http:\/\/www.nanchital.gob.mx\/wp-content\/uploads\/37822407_10214316310834427_8072504823695540224_n-300x172.jpg\" alt=\"\" width=\"528\" height=\"303\" srcset=\"https:\/\/www.nanchital.gob.mx\/wp-nanchital\/wp-content\/uploads\/37822407_10214316310834427_8072504823695540224_n-300x172.jpg 300w, https:\/\/www.nanchital.gob.mx\/wp-nanchital\/wp-content\/uploads\/37822407_10214316310834427_8072504823695540224_n-768x441.jpg 768w, https:\/\/www.nanchital.gob.mx\/wp-nanchital\/wp-content\/uploads\/37822407_10214316310834427_8072504823695540224_n.jpg 1024w\" sizes=\"(max-width: 528px) 100vw, 528px\" \/><\/p>\n<p>HeforShe (\u00c9l por ella) es un movimiento solidario a favor de la igualdad de g\u00e9nero creado por la <strong>Organizaci\u00f3n de las Naciones Unidas<\/strong>, para implicar a hombres y ni\u00f1os como defensores y agentes del cambio en la consecuci\u00f3n de la igualdad de g\u00e9nero y de los derechos de las mujeres. Con campa\u00f1as como esta se pretende forjar una visi\u00f3n conjunta del progreso humano para todas y todos, de crear un movimiento solidario entre hombres y mujeres y as\u00ed lograr la igualdad de g\u00e9nero. Posterior a la visita en la Delegaci\u00f3n No. 41 de Tr\u00e1nsito del Estado, el personal del Instituto de la Mujer, mont\u00f3 un m\u00f3dulo de informaci\u00f3n y afiliaci\u00f3n a esta campa\u00f1a en bajos del Palacio Municipal.<\/p>\n<p>&nbsp;<\/p>\n<p>&nbsp;<\/p>\n","protected":false},"excerpt":{"rendered":"<p>Como parte de la conmemoraci\u00f3n del D\u00eda Naranja elementos de la Delegaci\u00f3n de Tr\u00e1nsito No. 41 y personal del Instituto Municipal de la Mujer firmaron el compromiso de la campa\u00f1a \u00c9l por ella (HeforShe). HeforShe (\u00c9l por ella) es un movimiento solidario a favor de la igualdad de g\u00e9nero creado por la Organizaci\u00f3n de las&hellip; <br \/> <a class=\"read-more\" href=\"https:\/\/www.nanchital.gob.mx\/wp-nanchital\/conmemoran-el-dia-de-naranja-con-campana-el-por-ella\/\">Leer m\u00e1s<\/a><\/p>\n","protected":false},"author":7,"featured_media":3427,"comment_status":"closed","ping_status":"closed","sticky":false,"template":"","format":"standard","meta":{"footnotes":""},"categories":[4],"tags":[],"class_list":["post-3422","post","type-post","status-publish","format-standard","has-post-thumbnail","hentry","category-noticias"],"_links":{"self":[{"href":"https:\/\/www.nanchital.gob.mx\/wp-nanchital\/wp-json\/wp\/v2\/posts\/3422","targetHints":{"allow":["GET"]}}],"collection":[{"href":"https:\/\/www.nanchital.gob.mx\/wp-nanchital\/wp-json\/wp\/v2\/posts"}],"about":[{"href":"https:\/\/www.nanchital.gob.mx\/wp-nanchital\/wp-json\/wp\/v2\/types\/post"}],"author":[{"embeddable":true,"href":"https:\/\/www.nanchital.gob.mx\/wp-nanchital\/wp-json\/wp\/v2\/users\/7"}],"replies":[{"embeddable":true,"href":"https:\/\/www.nanchital.gob.mx\/wp-nanchital\/wp-json\/wp\/v2\/comments?post=3422"}],"version-history":[{"count":2,"href":"https:\/\/www.nanchital.gob.mx\/wp-nanchital\/wp-json\/wp\/v2\/posts\/3422\/revisions"}],"predecessor-version":[{"id":3429,"href":"https:\/\/www.nanchital.gob.mx\/wp-nanchital\/wp-json\/wp\/v2\/posts\/3422\/revisions\/3429"}],"wp:featuredmedia":[{"embeddable":true,"href":"https:\/\/www.nanchital.gob.mx\/wp-nanchital\/wp-json\/wp\/v2\/media\/3427"}],"wp:attachment":[{"href":"https:\/\/www.nanchital.gob.mx\/wp-nanchital\/wp-json\/wp\/v2\/media?parent=3422"}],"wp:term":[{"taxonomy":"category","embeddable":true,"href":"https:\/\/www.nanchital.gob.mx\/wp-nanchital\/wp-json\/wp\/v2\/categories?post=3422"},{"taxonomy":"post_tag","embeddable":true,"href":"https:\/\/www.nanchital.gob.mx\/wp-nanchital\/wp-json\/wp\/v2\/tags?post=3422"}],"curies":[{"name":"wp","href":"https:\/\/api.w.org\/{rel}","templated":true}]}}