{"id":3395,"date":"2018-07-24T10:43:00","date_gmt":"2018-07-24T16:43:00","guid":{"rendered":"http:\/\/www.nanchital.gob.mx\/?p=3395"},"modified":"2018-07-24T10:43:00","modified_gmt":"2018-07-24T16:43:00","slug":"agradecen-al-ayuntamiento-apoyo-para-evento-deportivo-del-decanato-san-rafael","status":"publish","type":"post","link":"https:\/\/www.nanchital.gob.mx\/wp-nanchital\/agradecen-al-ayuntamiento-apoyo-para-evento-deportivo-del-decanato-san-rafael\/","title":{"rendered":"Agradecen al Ayuntamiento apoyo para evento deportivo del Decanato San Rafael"},"content":{"rendered":"<p>El 8 de Julio Nanchital fue sede del Tercer Encuentro Deportivo Cat\u00f3lico del Decanato San Rafael, en el que participaron m\u00e1s de 500 j\u00f3venes en las actividades deportivas realizadas como parte de esta justa que cont\u00f3 con el apoyo del Ayuntamiento de Nanchital que preside la Dra. Zoila Balderas Guzm\u00e1n. Esta fue una jornada intensa en la que compitieron j\u00f3venes de Las Choapas, Ixhuatl\u00e1n del Sureste, Cuichapa, Moloac\u00e1n, Agua Dulce y Villa Allende, que cont\u00f3 con el apoyo de la Comisi\u00f3n Municipal del Deporte para las actividades que se llevaron a cabo.<\/p>\n<p>La Joven Nidia Citlalli Hern\u00e1ndez Gonz\u00e1lez, coordinadora del Decanato San Rafael y Guadalupe Alvarado C\u00f3rdova Subcoordinadora de la Parroquia San Nicol\u00e1s de Bari entregaron a nombre del Presb\u00edtero Uriel Y\u00e9pez Gonz\u00e1lez, p\u00e1rraco de Nanchital, un agradecimiento a la Dra. Zoila Balderas Guzm\u00e1n por el apoyo recibido en este importante evento regional.<\/p>\n","protected":false},"excerpt":{"rendered":"<p>El 8 de Julio Nanchital fue sede del Tercer Encuentro Deportivo Cat\u00f3lico del Decanato San Rafael, en el que participaron m\u00e1s de 500 j\u00f3venes en las actividades deportivas realizadas como parte de esta justa que cont\u00f3 con el apoyo del Ayuntamiento de Nanchital que preside la Dra. Zoila Balderas Guzm\u00e1n. Esta fue una jornada intensa&hellip; <br \/> <a class=\"read-more\" href=\"https:\/\/www.nanchital.gob.mx\/wp-nanchital\/agradecen-al-ayuntamiento-apoyo-para-evento-deportivo-del-decanato-san-rafael\/\">Leer m\u00e1s<\/a><\/p>\n","protected":false},"author":7,"featured_media":3394,"comment_status":"closed","ping_status":"closed","sticky":false,"template":"","format":"standard","meta":{"footnotes":""},"categories":[4],"tags":[],"class_list":["post-3395","post","type-post","status-publish","format-standard","has-post-thumbnail","hentry","category-noticias"],"_links":{"self":[{"href":"https:\/\/www.nanchital.gob.mx\/wp-nanchital\/wp-json\/wp\/v2\/posts\/3395","targetHints":{"allow":["GET"]}}],"collection":[{"href":"https:\/\/www.nanchital.gob.mx\/wp-nanchital\/wp-json\/wp\/v2\/posts"}],"about":[{"href":"https:\/\/www.nanchital.gob.mx\/wp-nanchital\/wp-json\/wp\/v2\/types\/post"}],"author":[{"embeddable":true,"href":"https:\/\/www.nanchital.gob.mx\/wp-nanchital\/wp-json\/wp\/v2\/users\/7"}],"replies":[{"embeddable":true,"href":"https:\/\/www.nanchital.gob.mx\/wp-nanchital\/wp-json\/wp\/v2\/comments?post=3395"}],"version-history":[{"count":1,"href":"https:\/\/www.nanchital.gob.mx\/wp-nanchital\/wp-json\/wp\/v2\/posts\/3395\/revisions"}],"predecessor-version":[{"id":3397,"href":"https:\/\/www.nanchital.gob.mx\/wp-nanchital\/wp-json\/wp\/v2\/posts\/3395\/revisions\/3397"}],"wp:featuredmedia":[{"embeddable":true,"href":"https:\/\/www.nanchital.gob.mx\/wp-nanchital\/wp-json\/wp\/v2\/media\/3394"}],"wp:attachment":[{"href":"https:\/\/www.nanchital.gob.mx\/wp-nanchital\/wp-json\/wp\/v2\/media?parent=3395"}],"wp:term":[{"taxonomy":"category","embeddable":true,"href":"https:\/\/www.nanchital.gob.mx\/wp-nanchital\/wp-json\/wp\/v2\/categories?post=3395"},{"taxonomy":"post_tag","embeddable":true,"href":"https:\/\/www.nanchital.gob.mx\/wp-nanchital\/wp-json\/wp\/v2\/tags?post=3395"}],"curies":[{"name":"wp","href":"https:\/\/api.w.org\/{rel}","templated":true}]}}