{"id":3344,"date":"2018-07-20T12:07:01","date_gmt":"2018-07-20T18:07:01","guid":{"rendered":"http:\/\/www.nanchital.gob.mx\/?p=3344"},"modified":"2018-07-20T12:12:57","modified_gmt":"2018-07-20T18:12:57","slug":"comenzara-programa-de-separacion-de-residuos-en-nanchital","status":"publish","type":"post","link":"https:\/\/www.nanchital.gob.mx\/wp-nanchital\/comenzara-programa-de-separacion-de-residuos-en-nanchital\/","title":{"rendered":"Comenzar\u00e1 programa de separaci\u00f3n de residuos en Nanchital"},"content":{"rendered":"<p>Con el objetivo de concientizar a la poblaci\u00f3n en la separaci\u00f3n de los residuos, se inici\u00f3 un programa piloto con un contenedor de envases de pl\u00e1stico colocado en el parque Benito Ju\u00e1rez. Este contenedor est\u00e1 elaborado con alambre y maya pl\u00e1stica, de casi un metro de alto y metro y medio de di\u00e1metro, en el que se podr\u00e1n colocar envases de pl\u00e1stico (pet) para separar la basura que se genera por los que visitan el parque Benito Ju\u00e1rez.<\/p>\n<p><img fetchpriority=\"high\" decoding=\"async\" class=\" wp-image-3351 aligncenter\" src=\"http:\/\/www.nanchital.gob.mx\/wp-content\/uploads\/37568630_10214275807981881_5070925705789833216_n-300x216.jpg\" alt=\"\" width=\"485\" height=\"349\" srcset=\"https:\/\/www.nanchital.gob.mx\/wp-nanchital\/wp-content\/uploads\/37568630_10214275807981881_5070925705789833216_n-300x216.jpg 300w, https:\/\/www.nanchital.gob.mx\/wp-nanchital\/wp-content\/uploads\/37568630_10214275807981881_5070925705789833216_n-768x553.jpg 768w, https:\/\/www.nanchital.gob.mx\/wp-nanchital\/wp-content\/uploads\/37568630_10214275807981881_5070925705789833216_n.jpg 1024w\" sizes=\"(max-width: 485px) 100vw, 485px\" \/><\/p>\n<p>\u201cLa Dra. Zoila Balderas Guzm\u00e1n, nos ha instruido en que realicemos estas acciones en favor del cuidado de nuestro planeta, fomentando la separaci\u00f3n de los residuos, lo que haremos es juntarlos y entregarlos a las instituciones que llevan a cabo la recolecci\u00f3n de manera continua en nuestra ciudad\u201d coment\u00f3 la titular de ecolog\u00eda Ing. Sandy Cales. Se estar\u00e1n colocando en pr\u00f3ximas fechas otros 2 contenedores, uno en el mercado Antonio J. Berm\u00fadez y otro en el DIF Municipal.<\/p>\n","protected":false},"excerpt":{"rendered":"<p>Con el objetivo de concientizar a la poblaci\u00f3n en la separaci\u00f3n de los residuos, se inici\u00f3 un programa piloto con un contenedor de envases de pl\u00e1stico colocado en el parque Benito Ju\u00e1rez. Este contenedor est\u00e1 elaborado con alambre y maya pl\u00e1stica, de casi un metro de alto y metro y medio de di\u00e1metro, en el&hellip; <br \/> <a class=\"read-more\" href=\"https:\/\/www.nanchital.gob.mx\/wp-nanchital\/comenzara-programa-de-separacion-de-residuos-en-nanchital\/\">Leer m\u00e1s<\/a><\/p>\n","protected":false},"author":7,"featured_media":3338,"comment_status":"closed","ping_status":"closed","sticky":false,"template":"","format":"standard","meta":{"footnotes":""},"categories":[4],"tags":[],"class_list":["post-3344","post","type-post","status-publish","format-standard","has-post-thumbnail","hentry","category-noticias"],"_links":{"self":[{"href":"https:\/\/www.nanchital.gob.mx\/wp-nanchital\/wp-json\/wp\/v2\/posts\/3344","targetHints":{"allow":["GET"]}}],"collection":[{"href":"https:\/\/www.nanchital.gob.mx\/wp-nanchital\/wp-json\/wp\/v2\/posts"}],"about":[{"href":"https:\/\/www.nanchital.gob.mx\/wp-nanchital\/wp-json\/wp\/v2\/types\/post"}],"author":[{"embeddable":true,"href":"https:\/\/www.nanchital.gob.mx\/wp-nanchital\/wp-json\/wp\/v2\/users\/7"}],"replies":[{"embeddable":true,"href":"https:\/\/www.nanchital.gob.mx\/wp-nanchital\/wp-json\/wp\/v2\/comments?post=3344"}],"version-history":[{"count":2,"href":"https:\/\/www.nanchital.gob.mx\/wp-nanchital\/wp-json\/wp\/v2\/posts\/3344\/revisions"}],"predecessor-version":[{"id":3352,"href":"https:\/\/www.nanchital.gob.mx\/wp-nanchital\/wp-json\/wp\/v2\/posts\/3344\/revisions\/3352"}],"wp:featuredmedia":[{"embeddable":true,"href":"https:\/\/www.nanchital.gob.mx\/wp-nanchital\/wp-json\/wp\/v2\/media\/3338"}],"wp:attachment":[{"href":"https:\/\/www.nanchital.gob.mx\/wp-nanchital\/wp-json\/wp\/v2\/media?parent=3344"}],"wp:term":[{"taxonomy":"category","embeddable":true,"href":"https:\/\/www.nanchital.gob.mx\/wp-nanchital\/wp-json\/wp\/v2\/categories?post=3344"},{"taxonomy":"post_tag","embeddable":true,"href":"https:\/\/www.nanchital.gob.mx\/wp-nanchital\/wp-json\/wp\/v2\/tags?post=3344"}],"curies":[{"name":"wp","href":"https:\/\/api.w.org\/{rel}","templated":true}]}}