{"id":31598,"date":"2025-02-19T10:48:36","date_gmt":"2025-02-19T16:48:36","guid":{"rendered":"https:\/\/www.nanchital.gob.mx\/?p=31598"},"modified":"2025-02-19T10:48:36","modified_gmt":"2025-02-19T16:48:36","slug":"conmemoran-en-nanchital-dia-del-ejercito-mexicano","status":"publish","type":"post","link":"https:\/\/www.nanchital.gob.mx\/wp-nanchital\/conmemoran-en-nanchital-dia-del-ejercito-mexicano\/","title":{"rendered":"Conmemoran en Nanchital D\u00eda del Ej\u00e9rcito Mexicano"},"content":{"rendered":"\n<p>Nanchital, Ver. &#8211; Con la presencia de autoridades municipales y educativas, as\u00ed como comunidad estudiantil, esta ma\u00f1ana conmemoramos el D\u00eda del Ej\u00e9rcito Mexicano, en el Parque Central Benito Ju\u00e1rez.<\/p>\n\n\n\n<p>Los honores al l\u00e1baro patrio, estuvieron a cargo de los estudiantes del K\u00ednder &#8220;Rosaura Zapata&#8221;, quienes resaltaron el apoyo de los soldados en salvaguardar el bienestar de los mexicanos.<\/p>\n\n\n\n<p>Por otra parte, el alumnado de la Escuela Secundaria &#8220;18 de Marzo&#8221; entreg\u00f3 obsequios para elementos del Ej\u00e9rcito Mexicano, para agradecer el esfuerzo por el bien del pa\u00eds.<\/p>\n","protected":false},"excerpt":{"rendered":"<p>Nanchital, Ver. &#8211; Con la presencia de autoridades municipales y educativas, as\u00ed como comunidad estudiantil, esta ma\u00f1ana conmemoramos el D\u00eda del Ej\u00e9rcito Mexicano, en el Parque Central Benito Ju\u00e1rez. Los honores al l\u00e1baro patrio, estuvieron a cargo de los estudiantes del K\u00ednder &#8220;Rosaura Zapata&#8221;, quienes resaltaron el apoyo de los soldados en salvaguardar el bienestar&hellip; <br \/> <a class=\"read-more\" href=\"https:\/\/www.nanchital.gob.mx\/wp-nanchital\/conmemoran-en-nanchital-dia-del-ejercito-mexicano\/\">Leer m\u00e1s<\/a><\/p>\n","protected":false},"author":7,"featured_media":31599,"comment_status":"closed","ping_status":"closed","sticky":false,"template":"","format":"standard","meta":{"footnotes":""},"categories":[4],"tags":[],"class_list":["post-31598","post","type-post","status-publish","format-standard","has-post-thumbnail","hentry","category-noticias"],"_links":{"self":[{"href":"https:\/\/www.nanchital.gob.mx\/wp-nanchital\/wp-json\/wp\/v2\/posts\/31598","targetHints":{"allow":["GET"]}}],"collection":[{"href":"https:\/\/www.nanchital.gob.mx\/wp-nanchital\/wp-json\/wp\/v2\/posts"}],"about":[{"href":"https:\/\/www.nanchital.gob.mx\/wp-nanchital\/wp-json\/wp\/v2\/types\/post"}],"author":[{"embeddable":true,"href":"https:\/\/www.nanchital.gob.mx\/wp-nanchital\/wp-json\/wp\/v2\/users\/7"}],"replies":[{"embeddable":true,"href":"https:\/\/www.nanchital.gob.mx\/wp-nanchital\/wp-json\/wp\/v2\/comments?post=31598"}],"version-history":[{"count":1,"href":"https:\/\/www.nanchital.gob.mx\/wp-nanchital\/wp-json\/wp\/v2\/posts\/31598\/revisions"}],"predecessor-version":[{"id":31600,"href":"https:\/\/www.nanchital.gob.mx\/wp-nanchital\/wp-json\/wp\/v2\/posts\/31598\/revisions\/31600"}],"wp:featuredmedia":[{"embeddable":true,"href":"https:\/\/www.nanchital.gob.mx\/wp-nanchital\/wp-json\/wp\/v2\/media\/31599"}],"wp:attachment":[{"href":"https:\/\/www.nanchital.gob.mx\/wp-nanchital\/wp-json\/wp\/v2\/media?parent=31598"}],"wp:term":[{"taxonomy":"category","embeddable":true,"href":"https:\/\/www.nanchital.gob.mx\/wp-nanchital\/wp-json\/wp\/v2\/categories?post=31598"},{"taxonomy":"post_tag","embeddable":true,"href":"https:\/\/www.nanchital.gob.mx\/wp-nanchital\/wp-json\/wp\/v2\/tags?post=31598"}],"curies":[{"name":"wp","href":"https:\/\/api.w.org\/{rel}","templated":true}]}}