{"id":2876,"date":"2018-07-13T14:44:27","date_gmt":"2018-07-13T20:44:27","guid":{"rendered":"http:\/\/www.nanchital.gob.mx\/?p=2876"},"modified":"2018-07-13T14:50:47","modified_gmt":"2018-07-13T20:50:47","slug":"se-llevara-a-cabo-mi-verano-deportivo-en-nanchital","status":"publish","type":"post","link":"https:\/\/www.nanchital.gob.mx\/wp-nanchital\/se-llevara-a-cabo-mi-verano-deportivo-en-nanchital\/","title":{"rendered":"Se llevar\u00e1 a cabo \u201cMi verano Deportivo\u201d en Nanchital"},"content":{"rendered":"<p>Con el objetivo de brindar una opci\u00f3n para encaminar al deporte a ni\u00f1os y j\u00f3venes, el Ayuntamiento de Nanchital que preside la Dra. Zoila Balderas Guzm\u00e1n, a trav\u00e9s de la Regidur\u00eda Segunda y la Comisi\u00f3n Municipal del Deporte, llevar\u00e1n a cabo el programa <strong>\u201cMi Verano Deportivo\u201d<\/strong>. Las actividades que se llevar\u00e1n a cabo del <strong>16 al 27 de julio<\/strong>, ser\u00e1n <em>Zumba Kids, Basquetbol, Voleibol, Futbol, Tenis y Box<\/em>, todas en la <strong><em>Unidad Deportiva de la Colonia Guadalupe Tepeyac<\/em><\/strong>, en un horario de <strong><em>9 y media de la ma\u00f1ana a una de la tarde<\/em><\/strong>. Los participantes podr\u00e1n ser en ramas varonil y femenil de 7 a\u00f1os en adelante, se deber\u00e1n inscribir en la Regidur\u00eda Segunda o en la Unidad Deportiva. Para mayores informes llamar al 9211792895.<\/p>\n<p>&nbsp;<\/p>\n<p><img fetchpriority=\"high\" decoding=\"async\" class=\" wp-image-2879 aligncenter\" src=\"http:\/\/www.nanchital.gob.mx\/wp-content\/uploads\/36897103_190738568271439_730566528231014400_o-200x300.jpg\" alt=\"\" width=\"397\" height=\"596\" srcset=\"https:\/\/www.nanchital.gob.mx\/wp-nanchital\/wp-content\/uploads\/36897103_190738568271439_730566528231014400_o-200x300.jpg 200w, https:\/\/www.nanchital.gob.mx\/wp-nanchital\/wp-content\/uploads\/36897103_190738568271439_730566528231014400_o-768x1152.jpg 768w, https:\/\/www.nanchital.gob.mx\/wp-nanchital\/wp-content\/uploads\/36897103_190738568271439_730566528231014400_o.jpg 682w\" sizes=\"(max-width: 397px) 100vw, 397px\" \/><\/p>\n","protected":false},"excerpt":{"rendered":"<p>Con el objetivo de brindar una opci\u00f3n para encaminar al deporte a ni\u00f1os y j\u00f3venes, el Ayuntamiento de Nanchital que preside la Dra. Zoila Balderas Guzm\u00e1n, a trav\u00e9s de la Regidur\u00eda Segunda y la Comisi\u00f3n Municipal del Deporte, llevar\u00e1n a cabo el programa \u201cMi Verano Deportivo\u201d. Las actividades que se llevar\u00e1n a cabo del 16&hellip; <br \/> <a class=\"read-more\" href=\"https:\/\/www.nanchital.gob.mx\/wp-nanchital\/se-llevara-a-cabo-mi-verano-deportivo-en-nanchital\/\">Leer m\u00e1s<\/a><\/p>\n","protected":false},"author":7,"featured_media":2875,"comment_status":"closed","ping_status":"closed","sticky":false,"template":"","format":"standard","meta":{"footnotes":""},"categories":[4],"tags":[],"class_list":["post-2876","post","type-post","status-publish","format-standard","has-post-thumbnail","hentry","category-noticias"],"_links":{"self":[{"href":"https:\/\/www.nanchital.gob.mx\/wp-nanchital\/wp-json\/wp\/v2\/posts\/2876","targetHints":{"allow":["GET"]}}],"collection":[{"href":"https:\/\/www.nanchital.gob.mx\/wp-nanchital\/wp-json\/wp\/v2\/posts"}],"about":[{"href":"https:\/\/www.nanchital.gob.mx\/wp-nanchital\/wp-json\/wp\/v2\/types\/post"}],"author":[{"embeddable":true,"href":"https:\/\/www.nanchital.gob.mx\/wp-nanchital\/wp-json\/wp\/v2\/users\/7"}],"replies":[{"embeddable":true,"href":"https:\/\/www.nanchital.gob.mx\/wp-nanchital\/wp-json\/wp\/v2\/comments?post=2876"}],"version-history":[{"count":2,"href":"https:\/\/www.nanchital.gob.mx\/wp-nanchital\/wp-json\/wp\/v2\/posts\/2876\/revisions"}],"predecessor-version":[{"id":2880,"href":"https:\/\/www.nanchital.gob.mx\/wp-nanchital\/wp-json\/wp\/v2\/posts\/2876\/revisions\/2880"}],"wp:featuredmedia":[{"embeddable":true,"href":"https:\/\/www.nanchital.gob.mx\/wp-nanchital\/wp-json\/wp\/v2\/media\/2875"}],"wp:attachment":[{"href":"https:\/\/www.nanchital.gob.mx\/wp-nanchital\/wp-json\/wp\/v2\/media?parent=2876"}],"wp:term":[{"taxonomy":"category","embeddable":true,"href":"https:\/\/www.nanchital.gob.mx\/wp-nanchital\/wp-json\/wp\/v2\/categories?post=2876"},{"taxonomy":"post_tag","embeddable":true,"href":"https:\/\/www.nanchital.gob.mx\/wp-nanchital\/wp-json\/wp\/v2\/tags?post=2876"}],"curies":[{"name":"wp","href":"https:\/\/api.w.org\/{rel}","templated":true}]}}