{"id":26926,"date":"2024-01-04T14:30:00","date_gmt":"2024-01-04T20:30:00","guid":{"rendered":"https:\/\/www.nanchital.gob.mx\/?p=26926"},"modified":"2024-01-04T14:30:01","modified_gmt":"2024-01-04T20:30:01","slug":"reciben-atencion-parques-de-la-guadalupe-tepeyac","status":"publish","type":"post","link":"https:\/\/www.nanchital.gob.mx\/wp-nanchital\/reciben-atencion-parques-de-la-guadalupe-tepeyac\/","title":{"rendered":"Reciben atenci\u00f3n parques de la Guadalupe Tepeyac"},"content":{"rendered":"\n<p><\/p>\n\n\n\n<p>Nanchital, Ver. &#8211; Durante los primeros d\u00edas de enero, los parques de la colonia Guadalupe Tepeyac han recibido atenci\u00f3n constante por parte del Ayuntamiento de Nanchital, con la finalidad de mantenerlos en buenas condiciones.<\/p>\n\n\n\n<p>Siguiendo la programaci\u00f3n de trabajo, ya se ha laborado en los espacios p\u00fablicos de las Manzanas 6 y 1, mientras que hoy, se atendi\u00f3 el de la Manzana 2, a trav\u00e9s del podado, retiro de maleza y residuos s\u00f3lidos urbanos.<\/p>\n\n\n\n<p>Estos trabajos se pretenden llevar a  cada parque del mencionado asentamiento, por lo que se exhorta a los habitantes continuar colaborando en la limpieza de los mismos, para beneficio de ellos y sus familias.<\/p>\n\n\n\n<p><\/p>\n","protected":false},"excerpt":{"rendered":"<p>Nanchital, Ver. &#8211; Durante los primeros d\u00edas de enero, los parques de la colonia Guadalupe Tepeyac han recibido atenci\u00f3n constante por parte del Ayuntamiento de Nanchital, con la finalidad de mantenerlos en buenas condiciones. Siguiendo la programaci\u00f3n de trabajo, ya se ha laborado en los espacios p\u00fablicos de las Manzanas 6 y 1, mientras que&hellip; <br \/> <a class=\"read-more\" href=\"https:\/\/www.nanchital.gob.mx\/wp-nanchital\/reciben-atencion-parques-de-la-guadalupe-tepeyac\/\">Leer m\u00e1s<\/a><\/p>\n","protected":false},"author":7,"featured_media":26928,"comment_status":"closed","ping_status":"closed","sticky":false,"template":"","format":"standard","meta":{"footnotes":""},"categories":[1404,4],"tags":[],"class_list":["post-26926","post","type-post","status-publish","format-standard","has-post-thumbnail","hentry","category-ecologia","category-noticias"],"_links":{"self":[{"href":"https:\/\/www.nanchital.gob.mx\/wp-nanchital\/wp-json\/wp\/v2\/posts\/26926","targetHints":{"allow":["GET"]}}],"collection":[{"href":"https:\/\/www.nanchital.gob.mx\/wp-nanchital\/wp-json\/wp\/v2\/posts"}],"about":[{"href":"https:\/\/www.nanchital.gob.mx\/wp-nanchital\/wp-json\/wp\/v2\/types\/post"}],"author":[{"embeddable":true,"href":"https:\/\/www.nanchital.gob.mx\/wp-nanchital\/wp-json\/wp\/v2\/users\/7"}],"replies":[{"embeddable":true,"href":"https:\/\/www.nanchital.gob.mx\/wp-nanchital\/wp-json\/wp\/v2\/comments?post=26926"}],"version-history":[{"count":1,"href":"https:\/\/www.nanchital.gob.mx\/wp-nanchital\/wp-json\/wp\/v2\/posts\/26926\/revisions"}],"predecessor-version":[{"id":26929,"href":"https:\/\/www.nanchital.gob.mx\/wp-nanchital\/wp-json\/wp\/v2\/posts\/26926\/revisions\/26929"}],"wp:featuredmedia":[{"embeddable":true,"href":"https:\/\/www.nanchital.gob.mx\/wp-nanchital\/wp-json\/wp\/v2\/media\/26928"}],"wp:attachment":[{"href":"https:\/\/www.nanchital.gob.mx\/wp-nanchital\/wp-json\/wp\/v2\/media?parent=26926"}],"wp:term":[{"taxonomy":"category","embeddable":true,"href":"https:\/\/www.nanchital.gob.mx\/wp-nanchital\/wp-json\/wp\/v2\/categories?post=26926"},{"taxonomy":"post_tag","embeddable":true,"href":"https:\/\/www.nanchital.gob.mx\/wp-nanchital\/wp-json\/wp\/v2\/tags?post=26926"}],"curies":[{"name":"wp","href":"https:\/\/api.w.org\/{rel}","templated":true}]}}