{"id":26288,"date":"2023-11-27T00:24:49","date_gmt":"2023-11-27T06:24:49","guid":{"rendered":"https:\/\/www.nanchital.gob.mx\/?p=26288"},"modified":"2023-11-27T00:24:49","modified_gmt":"2023-11-27T06:24:49","slug":"espectacular-cierre-en-el-35-aniversario-de-nanchital","status":"publish","type":"post","link":"https:\/\/www.nanchital.gob.mx\/wp-nanchital\/espectacular-cierre-en-el-35-aniversario-de-nanchital\/","title":{"rendered":"Espectacular cierre en el 35 Aniversario de Nanchital"},"content":{"rendered":"\n<p>Nanchital, Ver. &#8211; Con un exitoso baile a cargo de Junior Klan, cerr\u00f3 de manera espectacular los eventos de este fin de semana, en conmemoraci\u00f3n del 35 Aniversario de Nanchital.<\/p>\n\n\n\n<p>Antes del show principal, se tuvo la presencia del grupo Son del Nache y el artista local, Carlos Flores, quienes calentaron los \u00e1nimos en la ExFactor\u00eda, lugar en el que la Alcaldesa Esmeralda Mora Zamudio y la Diputada Tan\u00eda Cruz Santos, develaron la placa que reconoce a Nanchital como Municipio con Vocaci\u00f3n Tur\u00edstica.<\/p>\n\n\n\n<p>Posteriormente, toc\u00f3 el turno de los integrantes de Junior Klan poner a bailar y cantar a los presentes, los cuales en todo momento disfrutaron de una gran noche que concluy\u00f3 con saldo blanco.<\/p>\n\n\n\n<p><\/p>\n","protected":false},"excerpt":{"rendered":"<p>Nanchital, Ver. &#8211; Con un exitoso baile a cargo de Junior Klan, cerr\u00f3 de manera espectacular los eventos de este fin de semana, en conmemoraci\u00f3n del 35 Aniversario de Nanchital. Antes del show principal, se tuvo la presencia del grupo Son del Nache y el artista local, Carlos Flores, quienes calentaron los \u00e1nimos en la&hellip; <br \/> <a class=\"read-more\" href=\"https:\/\/www.nanchital.gob.mx\/wp-nanchital\/espectacular-cierre-en-el-35-aniversario-de-nanchital\/\">Leer m\u00e1s<\/a><\/p>\n","protected":false},"author":7,"featured_media":26289,"comment_status":"closed","ping_status":"closed","sticky":false,"template":"","format":"standard","meta":{"footnotes":""},"categories":[4],"tags":[1963,1965],"class_list":["post-26288","post","type-post","status-publish","format-standard","has-post-thumbnail","hentry","category-noticias","tag-35-aniversario","tag-junior-klan"],"_links":{"self":[{"href":"https:\/\/www.nanchital.gob.mx\/wp-nanchital\/wp-json\/wp\/v2\/posts\/26288","targetHints":{"allow":["GET"]}}],"collection":[{"href":"https:\/\/www.nanchital.gob.mx\/wp-nanchital\/wp-json\/wp\/v2\/posts"}],"about":[{"href":"https:\/\/www.nanchital.gob.mx\/wp-nanchital\/wp-json\/wp\/v2\/types\/post"}],"author":[{"embeddable":true,"href":"https:\/\/www.nanchital.gob.mx\/wp-nanchital\/wp-json\/wp\/v2\/users\/7"}],"replies":[{"embeddable":true,"href":"https:\/\/www.nanchital.gob.mx\/wp-nanchital\/wp-json\/wp\/v2\/comments?post=26288"}],"version-history":[{"count":1,"href":"https:\/\/www.nanchital.gob.mx\/wp-nanchital\/wp-json\/wp\/v2\/posts\/26288\/revisions"}],"predecessor-version":[{"id":26290,"href":"https:\/\/www.nanchital.gob.mx\/wp-nanchital\/wp-json\/wp\/v2\/posts\/26288\/revisions\/26290"}],"wp:featuredmedia":[{"embeddable":true,"href":"https:\/\/www.nanchital.gob.mx\/wp-nanchital\/wp-json\/wp\/v2\/media\/26289"}],"wp:attachment":[{"href":"https:\/\/www.nanchital.gob.mx\/wp-nanchital\/wp-json\/wp\/v2\/media?parent=26288"}],"wp:term":[{"taxonomy":"category","embeddable":true,"href":"https:\/\/www.nanchital.gob.mx\/wp-nanchital\/wp-json\/wp\/v2\/categories?post=26288"},{"taxonomy":"post_tag","embeddable":true,"href":"https:\/\/www.nanchital.gob.mx\/wp-nanchital\/wp-json\/wp\/v2\/tags?post=26288"}],"curies":[{"name":"wp","href":"https:\/\/api.w.org\/{rel}","templated":true}]}}