{"id":12500,"date":"2021-01-05T15:31:50","date_gmt":"2021-01-05T21:31:50","guid":{"rendered":"http:\/\/www.nanchital.gob.mx\/?p=12500"},"modified":"2021-01-05T15:31:50","modified_gmt":"2021-01-05T21:31:50","slug":"se-actualiza-alumbrado-en-el-ejido-lazaro-cardenas","status":"publish","type":"post","link":"https:\/\/www.nanchital.gob.mx\/wp-nanchital\/se-actualiza-alumbrado-en-el-ejido-lazaro-cardenas\/","title":{"rendered":"Se actualiza alumbrado en el Ejido L\u00e1zaro C\u00e1rdenas"},"content":{"rendered":"<p>Como parte del programa municipal de renovaci\u00f3n del alumbrado p\u00fablico, el Gobierno Municipal que preside la Dra. Zoila Balderas Guzm\u00e1n llev\u00f3 a cabo la actualizaci\u00f3n a luminarias de leds en el Ejido L\u00e1zaro C\u00e1rdenas.<\/p>\n<p><img fetchpriority=\"high\" decoding=\"async\" src=\"https:\/\/scontent.fmtt1-1.fna.fbcdn.net\/v\/t1.15752-9\/135221913_168115881766325_4990821200051693092_n.jpg?_nc_cat=102&amp;ccb=2&amp;_nc_sid=ae9488&amp;_nc_eui2=AeHdc17unr587IzStEvCFvSqTALcIGfnVlpMAtwgZ-dWWqB4QCHbWK7haV8SXhPSsQCdHUAPeSZtZ_df4EdTrcC7&amp;_nc_ohc=9FlBSfZ8JvgAX-tQGAq&amp;_nc_ht=scontent.fmtt1-1.fna&amp;oh=5d28958b70f16cdf59cb5e5cf1aa20d6&amp;oe=601AC9FE\" width=\"992\" height=\"744\" \/><\/p>\n<p><img decoding=\"async\" src=\"https:\/\/scontent.fmtt1-1.fna.fbcdn.net\/v\/t1.15752-9\/135853842_249333046601122_898383177590527467_n.jpg?_nc_cat=105&amp;ccb=2&amp;_nc_sid=ae9488&amp;_nc_eui2=AeE-hLQe0XvFUiuT0RCimStpI-WdVRBlpDIj5Z1VEGWkMk8I5AgFgw5jssJP1IghUUVnmuUxoGat6nx65gEsteuL&amp;_nc_ohc=gV7VLwqbyvUAX9EO2de&amp;_nc_ht=scontent.fmtt1-1.fna&amp;oh=bc4f3cb280c839cb4c0a2a984b327e45&amp;oe=601A3713\" width=\"992\" height=\"744\" \/><\/p>\n","protected":false},"excerpt":{"rendered":"<p>Como parte del programa municipal de renovaci\u00f3n del alumbrado p\u00fablico, el Gobierno Municipal que preside la Dra. Zoila Balderas Guzm\u00e1n llev\u00f3 a cabo la actualizaci\u00f3n a luminarias de leds en el Ejido L\u00e1zaro C\u00e1rdenas.<\/p>\n","protected":false},"author":7,"featured_media":12502,"comment_status":"closed","ping_status":"closed","sticky":false,"template":"","format":"standard","meta":{"footnotes":""},"categories":[4],"tags":[],"class_list":["post-12500","post","type-post","status-publish","format-standard","has-post-thumbnail","hentry","category-noticias"],"_links":{"self":[{"href":"https:\/\/www.nanchital.gob.mx\/wp-nanchital\/wp-json\/wp\/v2\/posts\/12500","targetHints":{"allow":["GET"]}}],"collection":[{"href":"https:\/\/www.nanchital.gob.mx\/wp-nanchital\/wp-json\/wp\/v2\/posts"}],"about":[{"href":"https:\/\/www.nanchital.gob.mx\/wp-nanchital\/wp-json\/wp\/v2\/types\/post"}],"author":[{"embeddable":true,"href":"https:\/\/www.nanchital.gob.mx\/wp-nanchital\/wp-json\/wp\/v2\/users\/7"}],"replies":[{"embeddable":true,"href":"https:\/\/www.nanchital.gob.mx\/wp-nanchital\/wp-json\/wp\/v2\/comments?post=12500"}],"version-history":[{"count":1,"href":"https:\/\/www.nanchital.gob.mx\/wp-nanchital\/wp-json\/wp\/v2\/posts\/12500\/revisions"}],"predecessor-version":[{"id":12503,"href":"https:\/\/www.nanchital.gob.mx\/wp-nanchital\/wp-json\/wp\/v2\/posts\/12500\/revisions\/12503"}],"wp:featuredmedia":[{"embeddable":true,"href":"https:\/\/www.nanchital.gob.mx\/wp-nanchital\/wp-json\/wp\/v2\/media\/12502"}],"wp:attachment":[{"href":"https:\/\/www.nanchital.gob.mx\/wp-nanchital\/wp-json\/wp\/v2\/media?parent=12500"}],"wp:term":[{"taxonomy":"category","embeddable":true,"href":"https:\/\/www.nanchital.gob.mx\/wp-nanchital\/wp-json\/wp\/v2\/categories?post=12500"},{"taxonomy":"post_tag","embeddable":true,"href":"https:\/\/www.nanchital.gob.mx\/wp-nanchital\/wp-json\/wp\/v2\/tags?post=12500"}],"curies":[{"name":"wp","href":"https:\/\/api.w.org\/{rel}","templated":true}]}}