{"id":12470,"date":"2020-12-22T12:17:42","date_gmt":"2020-12-22T18:17:42","guid":{"rendered":"http:\/\/www.nanchital.gob.mx\/?p=12470"},"modified":"2020-12-22T12:17:42","modified_gmt":"2020-12-22T18:17:42","slug":"seleccion-de-nanchital-participara-en-la-copa-texistepec","status":"publish","type":"post","link":"https:\/\/www.nanchital.gob.mx\/wp-nanchital\/seleccion-de-nanchital-participara-en-la-copa-texistepec\/","title":{"rendered":"Selecci\u00f3n de Nanchital participar\u00e1 en la Copa Texistepec"},"content":{"rendered":"<p>Una selecci\u00f3n de futbol de Nanchital participar\u00e1 en la Copa Texistepec el pr\u00f3ximo s\u00e1bado 26 de diciembre, en la que 23 jugadores defender\u00e1n los colores de nuestro municipio en este importante evento deportivo. La escuadra nanchiteca es dirigida por el exjugador profesional de esta ciudad, Javier C\u00f3rdova Fonseca, con el apoyo de Mart\u00edn L\u00f3pez Gilberto Robles y Alberto Peralta como auxiliares t\u00e9cnicos. &#8220;Estamos agradecidos con los patrocinadores, con el apoyo de la Dra. Zoila Balderas y del DIF Municipal quienes preocupados por fomentar el deporte han respaldado esta iniciativa de participar en la copa, adem\u00e1s hemos invitado al exjugador Jos\u00e9 &#8220;Palmera&#8221; Rivas, quien tiene un gran cari\u00f1o por Nanchital porque su pap\u00e1 fue jugador en el legendario Guacamayos, equipo en el que jugu\u00e9 en mi etapa profesional&#8221; afirm\u00f3 Javier C\u00f3rdova Fonseca, Director T\u00e9cnico del equipo.<\/p>\n<p><img decoding=\"async\" class=\"nskh8ow2 idiwt2bm d2edcug0 dbpd2lw6\" src=\"https:\/\/scontent.fmtt1-1.fna.fbcdn.net\/v\/t1.15752-9\/132354562_1263100677410640_8228241459870967658_n.jpg?_nc_cat=108&amp;ccb=2&amp;_nc_sid=ae9488&amp;_nc_eui2=AeGA8Hb9XRxfHsqPzQoMTY7zuMn-l2STZom4yf6XZJNmiaxR9ZFvZ05WAwlYJssPl_CXjsYoJy5fTyABlaw0LxaA&amp;_nc_ohc=tgZjOvtXt80AX9R3H_N&amp;_nc_ht=scontent.fmtt1-1.fna&amp;oh=1adfee5fe098610e1abcbaf4277d62ef&amp;oe=6008FAF3\" alt=\"Sin descripci\u00f3n disponible.\" \/><\/p>\n<p><img decoding=\"async\" class=\"nskh8ow2 idiwt2bm d2edcug0 dbpd2lw6\" src=\"https:\/\/scontent.fmtt1-1.fna.fbcdn.net\/v\/t1.15752-9\/132286441_153922486109216_4883788768924141728_n.jpg?_nc_cat=103&amp;ccb=2&amp;_nc_sid=ae9488&amp;_nc_eui2=AeHACh6P0oNE8KxJLN7quiOy3rRMpzQYKIjetEynNBgoiCnS176ri-S-fvN4WM2FQOpZqmrZ1UhMOTQP2_UOCC2y&amp;_nc_ohc=P7_HF7rNlbAAX_atGuk&amp;_nc_ht=scontent.fmtt1-1.fna&amp;oh=86e806a2af10b4107e7741e086ec313c&amp;oe=60066966\" alt=\"Sin descripci\u00f3n disponible.\" \/><\/p>\n","protected":false},"excerpt":{"rendered":"<p>Una selecci\u00f3n de futbol de Nanchital participar\u00e1 en la Copa Texistepec el pr\u00f3ximo s\u00e1bado 26 de diciembre, en la que 23 jugadores defender\u00e1n los colores de nuestro municipio en este importante evento deportivo. La escuadra nanchiteca es dirigida por el exjugador profesional de esta ciudad, Javier C\u00f3rdova Fonseca, con el apoyo de Mart\u00edn L\u00f3pez Gilberto&hellip; <br \/> <a class=\"read-more\" href=\"https:\/\/www.nanchital.gob.mx\/wp-nanchital\/seleccion-de-nanchital-participara-en-la-copa-texistepec\/\">Leer m\u00e1s<\/a><\/p>\n","protected":false},"author":7,"featured_media":12472,"comment_status":"closed","ping_status":"closed","sticky":false,"template":"","format":"standard","meta":{"footnotes":""},"categories":[4],"tags":[],"class_list":["post-12470","post","type-post","status-publish","format-standard","has-post-thumbnail","hentry","category-noticias"],"_links":{"self":[{"href":"https:\/\/www.nanchital.gob.mx\/wp-nanchital\/wp-json\/wp\/v2\/posts\/12470","targetHints":{"allow":["GET"]}}],"collection":[{"href":"https:\/\/www.nanchital.gob.mx\/wp-nanchital\/wp-json\/wp\/v2\/posts"}],"about":[{"href":"https:\/\/www.nanchital.gob.mx\/wp-nanchital\/wp-json\/wp\/v2\/types\/post"}],"author":[{"embeddable":true,"href":"https:\/\/www.nanchital.gob.mx\/wp-nanchital\/wp-json\/wp\/v2\/users\/7"}],"replies":[{"embeddable":true,"href":"https:\/\/www.nanchital.gob.mx\/wp-nanchital\/wp-json\/wp\/v2\/comments?post=12470"}],"version-history":[{"count":1,"href":"https:\/\/www.nanchital.gob.mx\/wp-nanchital\/wp-json\/wp\/v2\/posts\/12470\/revisions"}],"predecessor-version":[{"id":12473,"href":"https:\/\/www.nanchital.gob.mx\/wp-nanchital\/wp-json\/wp\/v2\/posts\/12470\/revisions\/12473"}],"wp:featuredmedia":[{"embeddable":true,"href":"https:\/\/www.nanchital.gob.mx\/wp-nanchital\/wp-json\/wp\/v2\/media\/12472"}],"wp:attachment":[{"href":"https:\/\/www.nanchital.gob.mx\/wp-nanchital\/wp-json\/wp\/v2\/media?parent=12470"}],"wp:term":[{"taxonomy":"category","embeddable":true,"href":"https:\/\/www.nanchital.gob.mx\/wp-nanchital\/wp-json\/wp\/v2\/categories?post=12470"},{"taxonomy":"post_tag","embeddable":true,"href":"https:\/\/www.nanchital.gob.mx\/wp-nanchital\/wp-json\/wp\/v2\/tags?post=12470"}],"curies":[{"name":"wp","href":"https:\/\/api.w.org\/{rel}","templated":true}]}}