{"id":12466,"date":"2020-12-22T08:58:31","date_gmt":"2020-12-22T14:58:31","guid":{"rendered":"http:\/\/www.nanchital.gob.mx\/?p=12466"},"modified":"2020-12-22T08:58:31","modified_gmt":"2020-12-22T14:58:31","slug":"se-realiza-brigada-en-la-congregacion-nahualapa","status":"publish","type":"post","link":"https:\/\/www.nanchital.gob.mx\/wp-nanchital\/se-realiza-brigada-en-la-congregacion-nahualapa\/","title":{"rendered":"Se realiza brigada en la congregaci\u00f3n Nahualapa"},"content":{"rendered":"<p>El Gobierno Municipal que preside la Dra. Zoila Balderas Guzm\u00e1n contin\u00faa con las brigadas asistenciales y de capacitaci\u00f3n, ahora en la Congregaci\u00f3n Nahualapa con talleres de manualidades, reposter\u00eda, derechos de los ni\u00f1os, cortes de cabello, rifa de regalos y limpieza, en la que particip\u00f3 personal de SIPINNA, Instituto de la Mujer y Servicios Generales.<\/p>\n<p><img decoding=\"async\" class=\"nskh8ow2 idiwt2bm d2edcug0 dbpd2lw6\" src=\"https:\/\/scontent.fmtt1-1.fna.fbcdn.net\/v\/t1.15752-9\/132100288_1038508899963150_4412046679692948108_n.jpg?_nc_cat=101&amp;ccb=2&amp;_nc_sid=ae9488&amp;_nc_eui2=AeHvLftF68DMnaIeLMuotMSRI0hpi71Ab6IjSGmLvUBvoo-ySUf778UZ352HSMn4C4lFRNZ-r02BIonfF1vV3R7a&amp;_nc_ohc=Tv3I3SaDhI0AX8b4Thn&amp;_nc_ht=scontent.fmtt1-1.fna&amp;oh=b55815c1c8a0b13448bf5a3544a46c9a&amp;oe=6006BFD6\" alt=\"Sin descripci\u00f3n disponible.\" \/><\/p>\n<p>&nbsp;<\/p>\n<p><img decoding=\"async\" class=\"nskh8ow2 idiwt2bm d2edcug0 dbpd2lw6\" src=\"https:\/\/scontent.fmtt1-1.fna.fbcdn.net\/v\/t1.15752-9\/131670421_1218502681877605_8571646387821796152_n.jpg?_nc_cat=103&amp;ccb=2&amp;_nc_sid=ae9488&amp;_nc_eui2=AeGH6pXFImlYBVWxqsyt7CkcQ6hGauuf9wBDqEZq65_3AKa-SMankzIlpJCL2hkvlKLY6sg2mkzBbsISpn61qWQA&amp;_nc_ohc=neIIPzu4F8wAX-0Nlgb&amp;_nc_ht=scontent.fmtt1-1.fna&amp;oh=93aac60b439c77cb8cb80a19c66f6de9&amp;oe=6008F84E\" alt=\"Sin descripci\u00f3n disponible.\" \/><\/p>\n","protected":false},"excerpt":{"rendered":"<p>El Gobierno Municipal que preside la Dra. Zoila Balderas Guzm\u00e1n contin\u00faa con las brigadas asistenciales y de capacitaci\u00f3n, ahora en la Congregaci\u00f3n Nahualapa con talleres de manualidades, reposter\u00eda, derechos de los ni\u00f1os, cortes de cabello, rifa de regalos y limpieza, en la que particip\u00f3 personal de SIPINNA, Instituto de la Mujer y Servicios Generales. &nbsp;<\/p>\n","protected":false},"author":7,"featured_media":12468,"comment_status":"closed","ping_status":"closed","sticky":false,"template":"","format":"standard","meta":{"footnotes":""},"categories":[4],"tags":[],"class_list":["post-12466","post","type-post","status-publish","format-standard","has-post-thumbnail","hentry","category-noticias"],"_links":{"self":[{"href":"https:\/\/www.nanchital.gob.mx\/wp-nanchital\/wp-json\/wp\/v2\/posts\/12466","targetHints":{"allow":["GET"]}}],"collection":[{"href":"https:\/\/www.nanchital.gob.mx\/wp-nanchital\/wp-json\/wp\/v2\/posts"}],"about":[{"href":"https:\/\/www.nanchital.gob.mx\/wp-nanchital\/wp-json\/wp\/v2\/types\/post"}],"author":[{"embeddable":true,"href":"https:\/\/www.nanchital.gob.mx\/wp-nanchital\/wp-json\/wp\/v2\/users\/7"}],"replies":[{"embeddable":true,"href":"https:\/\/www.nanchital.gob.mx\/wp-nanchital\/wp-json\/wp\/v2\/comments?post=12466"}],"version-history":[{"count":1,"href":"https:\/\/www.nanchital.gob.mx\/wp-nanchital\/wp-json\/wp\/v2\/posts\/12466\/revisions"}],"predecessor-version":[{"id":12469,"href":"https:\/\/www.nanchital.gob.mx\/wp-nanchital\/wp-json\/wp\/v2\/posts\/12466\/revisions\/12469"}],"wp:featuredmedia":[{"embeddable":true,"href":"https:\/\/www.nanchital.gob.mx\/wp-nanchital\/wp-json\/wp\/v2\/media\/12468"}],"wp:attachment":[{"href":"https:\/\/www.nanchital.gob.mx\/wp-nanchital\/wp-json\/wp\/v2\/media?parent=12466"}],"wp:term":[{"taxonomy":"category","embeddable":true,"href":"https:\/\/www.nanchital.gob.mx\/wp-nanchital\/wp-json\/wp\/v2\/categories?post=12466"},{"taxonomy":"post_tag","embeddable":true,"href":"https:\/\/www.nanchital.gob.mx\/wp-nanchital\/wp-json\/wp\/v2\/tags?post=12466"}],"curies":[{"name":"wp","href":"https:\/\/api.w.org\/{rel}","templated":true}]}}