{"id":12264,"date":"2020-11-25T09:00:24","date_gmt":"2020-11-25T15:00:24","guid":{"rendered":"http:\/\/www.nanchital.gob.mx\/?p=12264"},"modified":"2020-11-25T09:00:24","modified_gmt":"2020-11-25T15:00:24","slug":"se-realizara-reciclatron-de-aparatos-electronicos","status":"publish","type":"post","link":"https:\/\/www.nanchital.gob.mx\/wp-nanchital\/se-realizara-reciclatron-de-aparatos-electronicos\/","title":{"rendered":"Se realizar\u00e1 reciclatr\u00f3n de aparatos electr\u00f3nicos"},"content":{"rendered":"<p>Como parte de las acciones de cuidado al planeta, el Gobierno de Nanchital que preside la Dra. Zoila Balderas Guzm\u00e1n realizar\u00e1 el segundo reciclatr\u00f3n en el municipio, los d\u00edas mi\u00e9rcoles 25 y jueves 25 de Noviembre de 9 de la ma\u00f1ana a 2 de la tarde en el lobby del auditorio municipal.<span class=\"Apple-converted-space\">\u00a0<\/span><\/p>\n<p>Esta actividad es coordinada por los departamentos de Ciencia y tecnolog\u00eda con Ecolog\u00eda, en la que se recibir\u00e1n: computadoras, laptops, celulares, impresoras, m\u00f3dems, discos duros, tel\u00e9fonos, est\u00e9reos, consolas para videojuegos, cargadores, grabadoras,<span class=\"Apple-converted-space\">\u00a0 <\/span>televisiones (no madera), discos compactos, monitores, aires acondicionados, fotocopiadoras, tablets, antenas, dispensadores de agua, tostadoras de pan, cafeteras (no vidrio), secadoras de cabello, lavadoras, l\u00ednea blanca (no refrigeradores), hornos de microondas, licuadoras y batidoras.<\/p>\n<p>Lo que no se podr\u00e1 recibir es: bater\u00edas (cualquier presentaci\u00f3n), refrigeradores, toners sueltos (es importante que no vengan dentro de impresoras), tubos de l\u00e1mparas fluorecentes<span class=\"Apple-converted-space\">\u00a0 <\/span>y centros de lavado.<span class=\"Apple-converted-space\">\u00a0<\/span><\/p>\n<p>\u201cEsta acci\u00f3n se suma a los programas ambientales que estamos realizando para el cuidado del medio ambiente en nuestro municipio, es preocupaci\u00f3n de nuestra alcaldesa promover el uso responsable de nuestros desechos electr\u00f3nico para evitar mayor contaminaci\u00f3n\u201d afirm\u00f3 Adri\u00e1n Palacios Rodr\u00edguez, titular de Ecolog\u00eda.<span class=\"Apple-converted-space\">\u00a0<\/span><\/p>\n<p><img fetchpriority=\"high\" decoding=\"async\" class=\"alignnone  wp-image-12266\" src=\"http:\/\/www.nanchital.gob.mx\/wp-content\/uploads\/1R4A2714-300x200.jpg\" alt=\"\" width=\"332\" height=\"221\" srcset=\"https:\/\/www.nanchital.gob.mx\/wp-nanchital\/wp-content\/uploads\/1R4A2714-300x200.jpg 300w, https:\/\/www.nanchital.gob.mx\/wp-nanchital\/wp-content\/uploads\/1R4A2714-768x512.jpg 768w, https:\/\/www.nanchital.gob.mx\/wp-nanchital\/wp-content\/uploads\/1R4A2714.jpg 1024w, https:\/\/www.nanchital.gob.mx\/wp-nanchital\/wp-content\/uploads\/1R4A2714-1620x1080.jpg 1620w\" sizes=\"(max-width: 332px) 100vw, 332px\" \/>\u00a0 \u00a0\u00a0<img decoding=\"async\" class=\"alignnone  wp-image-12267\" src=\"http:\/\/www.nanchital.gob.mx\/wp-content\/uploads\/1R4A2713-300x200.jpg\" alt=\"\" width=\"332\" height=\"221\" srcset=\"https:\/\/www.nanchital.gob.mx\/wp-nanchital\/wp-content\/uploads\/1R4A2713-300x200.jpg 300w, https:\/\/www.nanchital.gob.mx\/wp-nanchital\/wp-content\/uploads\/1R4A2713-768x512.jpg 768w, https:\/\/www.nanchital.gob.mx\/wp-nanchital\/wp-content\/uploads\/1R4A2713.jpg 1024w, https:\/\/www.nanchital.gob.mx\/wp-nanchital\/wp-content\/uploads\/1R4A2713-1620x1080.jpg 1620w\" sizes=\"(max-width: 332px) 100vw, 332px\" \/><\/p>\n<p><img decoding=\"async\" class=\"nskh8ow2 idiwt2bm d2edcug0 dbpd2lw6\" src=\"https:\/\/scontent.fpbc2-2.fna.fbcdn.net\/v\/t1.15752-9\/127022836_504684847166171_4896490803970074104_n.jpg?_nc_cat=110&amp;ccb=2&amp;_nc_sid=ae9488&amp;_nc_eui2=AeE-BNwWQ5opVGOFsj7kqg6cTwUi_ltiW2RPBSL-W2JbZCou7YwlhH_Uk4un68xdsPvWSfy4zH3BuD-Tde8IprZc&amp;_nc_ohc=lv7S0BgvBLgAX8GdrjR&amp;_nc_ht=scontent.fpbc2-2.fna&amp;oh=f70414fddcbab3063f407cd232fd0c68&amp;oe=5FE55C7E\" alt=\"Sin descripci\u00f3n disponible.\" \/><\/p>\n<p>&nbsp;<\/p>\n","protected":false},"excerpt":{"rendered":"<p>Como parte de las acciones de cuidado al planeta, el Gobierno de Nanchital que preside la Dra. Zoila Balderas Guzm\u00e1n realizar\u00e1 el segundo reciclatr\u00f3n en el municipio, los d\u00edas mi\u00e9rcoles 25 y jueves 25 de Noviembre de 9 de la ma\u00f1ana a 2 de la tarde en el lobby del auditorio municipal.\u00a0 Esta actividad es&hellip; <br \/> <a class=\"read-more\" href=\"https:\/\/www.nanchital.gob.mx\/wp-nanchital\/se-realizara-reciclatron-de-aparatos-electronicos\/\">Leer m\u00e1s<\/a><\/p>\n","protected":false},"author":7,"featured_media":12268,"comment_status":"closed","ping_status":"closed","sticky":false,"template":"","format":"standard","meta":{"footnotes":""},"categories":[4],"tags":[],"class_list":["post-12264","post","type-post","status-publish","format-standard","has-post-thumbnail","hentry","category-noticias"],"_links":{"self":[{"href":"https:\/\/www.nanchital.gob.mx\/wp-nanchital\/wp-json\/wp\/v2\/posts\/12264","targetHints":{"allow":["GET"]}}],"collection":[{"href":"https:\/\/www.nanchital.gob.mx\/wp-nanchital\/wp-json\/wp\/v2\/posts"}],"about":[{"href":"https:\/\/www.nanchital.gob.mx\/wp-nanchital\/wp-json\/wp\/v2\/types\/post"}],"author":[{"embeddable":true,"href":"https:\/\/www.nanchital.gob.mx\/wp-nanchital\/wp-json\/wp\/v2\/users\/7"}],"replies":[{"embeddable":true,"href":"https:\/\/www.nanchital.gob.mx\/wp-nanchital\/wp-json\/wp\/v2\/comments?post=12264"}],"version-history":[{"count":1,"href":"https:\/\/www.nanchital.gob.mx\/wp-nanchital\/wp-json\/wp\/v2\/posts\/12264\/revisions"}],"predecessor-version":[{"id":12269,"href":"https:\/\/www.nanchital.gob.mx\/wp-nanchital\/wp-json\/wp\/v2\/posts\/12264\/revisions\/12269"}],"wp:featuredmedia":[{"embeddable":true,"href":"https:\/\/www.nanchital.gob.mx\/wp-nanchital\/wp-json\/wp\/v2\/media\/12268"}],"wp:attachment":[{"href":"https:\/\/www.nanchital.gob.mx\/wp-nanchital\/wp-json\/wp\/v2\/media?parent=12264"}],"wp:term":[{"taxonomy":"category","embeddable":true,"href":"https:\/\/www.nanchital.gob.mx\/wp-nanchital\/wp-json\/wp\/v2\/categories?post=12264"},{"taxonomy":"post_tag","embeddable":true,"href":"https:\/\/www.nanchital.gob.mx\/wp-nanchital\/wp-json\/wp\/v2\/tags?post=12264"}],"curies":[{"name":"wp","href":"https:\/\/api.w.org\/{rel}","templated":true}]}}