{"id":12232,"date":"2020-11-11T15:32:17","date_gmt":"2020-11-11T21:32:17","guid":{"rendered":"http:\/\/www.nanchital.gob.mx\/?p=12232"},"modified":"2020-11-11T15:32:17","modified_gmt":"2020-11-11T21:32:17","slug":"se-realizan-actividades-para-los-ninos-y-la-mujer-en-ejido-lazaro-cardenas","status":"publish","type":"post","link":"https:\/\/www.nanchital.gob.mx\/wp-nanchital\/se-realizan-actividades-para-los-ninos-y-la-mujer-en-ejido-lazaro-cardenas\/","title":{"rendered":"Se realizan actividades para los ni\u00f1os y la mujer en Ejido L\u00e1zaro C\u00e1rdenas"},"content":{"rendered":"<p>El Gobierno Municipal que preside la Dra. Zoila Balderas Guzm\u00e1n a trav\u00e9s de los departamentos de Desarrollo Social, SIPINNA e Instituto de la Mujer realiz\u00f3 actividades para las mujeres y ni\u00f1os del Ejjdo L\u00e1zaro C\u00e1rdenas, tales como cursos de reposter\u00eda y manualidades, as\u00ed como una presentaci\u00f3n de marionetas para dar a conocer los derechos de las ni\u00f1as y los ni\u00f1os.<\/p>\n<p><img decoding=\"async\" class=\"nskh8ow2 idiwt2bm d2edcug0 dbpd2lw6\" src=\"https:\/\/scontent.fmtt1-1.fna.fbcdn.net\/v\/t1.15752-9\/124552402_396289301735106_1485042224007887316_n.jpg?_nc_cat=107&amp;ccb=2&amp;_nc_sid=ae9488&amp;_nc_eui2=AeGJiqoFUWhE0FPAdIfnwFG483N1mPrc1qHzc3WY-tzWoSvcmdCeBxT-pnhP_xzR7A7YoT9H3PBEKs3Fa2UtbT0c&amp;_nc_ohc=Ju90XeVpG64AX8IPHHn&amp;_nc_ht=scontent.fmtt1-1.fna&amp;oh=0eae3cfe8531a2e1093226acdc879490&amp;oe=5FD317A7\" alt=\"Sin descripci\u00f3n disponible.\" \/><\/p>\n<p><img decoding=\"async\" class=\"nskh8ow2 idiwt2bm d2edcug0 dbpd2lw6\" src=\"https:\/\/scontent.fmtt1-1.fna.fbcdn.net\/v\/t1.15752-9\/125211800_4192836627410130_5488498869157489959_n.jpg?_nc_cat=101&amp;ccb=2&amp;_nc_sid=ae9488&amp;_nc_eui2=AeHrWiZXU4utQuApDGTgl03FCABBmYCUGCQIAEGZgJQYJAhVwBY5ol_5_fvlP3FvsavdNCzxMD-RdsawWN9flZ-f&amp;_nc_ohc=fr5eMIZmjycAX9y5g0y&amp;_nc_ht=scontent.fmtt1-1.fna&amp;oh=53a075698fcc7475d8acc7f3f6e7b53f&amp;oe=5FD34593\" alt=\"Sin descripci\u00f3n disponible.\" \/><\/p>\n","protected":false},"excerpt":{"rendered":"<p>El Gobierno Municipal que preside la Dra. Zoila Balderas Guzm\u00e1n a trav\u00e9s de los departamentos de Desarrollo Social, SIPINNA e Instituto de la Mujer realiz\u00f3 actividades para las mujeres y ni\u00f1os del Ejjdo L\u00e1zaro C\u00e1rdenas, tales como cursos de reposter\u00eda y manualidades, as\u00ed como una presentaci\u00f3n de marionetas para dar a conocer los derechos de&hellip; <br \/> <a class=\"read-more\" href=\"https:\/\/www.nanchital.gob.mx\/wp-nanchital\/se-realizan-actividades-para-los-ninos-y-la-mujer-en-ejido-lazaro-cardenas\/\">Leer m\u00e1s<\/a><\/p>\n","protected":false},"author":7,"featured_media":12234,"comment_status":"closed","ping_status":"closed","sticky":false,"template":"","format":"standard","meta":{"footnotes":""},"categories":[4],"tags":[],"class_list":["post-12232","post","type-post","status-publish","format-standard","has-post-thumbnail","hentry","category-noticias"],"_links":{"self":[{"href":"https:\/\/www.nanchital.gob.mx\/wp-nanchital\/wp-json\/wp\/v2\/posts\/12232","targetHints":{"allow":["GET"]}}],"collection":[{"href":"https:\/\/www.nanchital.gob.mx\/wp-nanchital\/wp-json\/wp\/v2\/posts"}],"about":[{"href":"https:\/\/www.nanchital.gob.mx\/wp-nanchital\/wp-json\/wp\/v2\/types\/post"}],"author":[{"embeddable":true,"href":"https:\/\/www.nanchital.gob.mx\/wp-nanchital\/wp-json\/wp\/v2\/users\/7"}],"replies":[{"embeddable":true,"href":"https:\/\/www.nanchital.gob.mx\/wp-nanchital\/wp-json\/wp\/v2\/comments?post=12232"}],"version-history":[{"count":1,"href":"https:\/\/www.nanchital.gob.mx\/wp-nanchital\/wp-json\/wp\/v2\/posts\/12232\/revisions"}],"predecessor-version":[{"id":12235,"href":"https:\/\/www.nanchital.gob.mx\/wp-nanchital\/wp-json\/wp\/v2\/posts\/12232\/revisions\/12235"}],"wp:featuredmedia":[{"embeddable":true,"href":"https:\/\/www.nanchital.gob.mx\/wp-nanchital\/wp-json\/wp\/v2\/media\/12234"}],"wp:attachment":[{"href":"https:\/\/www.nanchital.gob.mx\/wp-nanchital\/wp-json\/wp\/v2\/media?parent=12232"}],"wp:term":[{"taxonomy":"category","embeddable":true,"href":"https:\/\/www.nanchital.gob.mx\/wp-nanchital\/wp-json\/wp\/v2\/categories?post=12232"},{"taxonomy":"post_tag","embeddable":true,"href":"https:\/\/www.nanchital.gob.mx\/wp-nanchital\/wp-json\/wp\/v2\/tags?post=12232"}],"curies":[{"name":"wp","href":"https:\/\/api.w.org\/{rel}","templated":true}]}}