{"id":12216,"date":"2020-11-10T13:58:03","date_gmt":"2020-11-10T19:58:03","guid":{"rendered":"http:\/\/www.nanchital.gob.mx\/?p=12216"},"modified":"2020-11-10T13:58:03","modified_gmt":"2020-11-10T19:58:03","slug":"se-realiza-limpieza-en-tramo-de-la-carretera-a-ixhuatlan","status":"publish","type":"post","link":"https:\/\/www.nanchital.gob.mx\/wp-nanchital\/se-realiza-limpieza-en-tramo-de-la-carretera-a-ixhuatlan\/","title":{"rendered":"Se realiza limpieza en tramo de la carretera a Ixhuatl\u00e1n"},"content":{"rendered":"<p>Continuando con el Programa Permanente de Embellecimiento de la Ciudad, el Gobierno Municipal que preside la Dra. Zoila Balderas Guzm\u00e1n llev\u00f3 a cabo la limpieza del tramo de la carretera a Ixhuatl\u00e1n en la zona conocida como &#8220;el manguito&#8221;.<\/p>\n<p><img fetchpriority=\"high\" decoding=\"async\" src=\"https:\/\/scontent-qro1-1.xx.fbcdn.net\/v\/t1.15752-9\/s2048x2048\/125075285_1307929906226077_4163263439800096702_n.jpg?_nc_cat=111&amp;ccb=2&amp;_nc_sid=ae9488&amp;_nc_eui2=AeHWRdaysf_SMrd4I9ApJA6C5adJ1it2G4jlp0nWK3YbiAPvzJF4--f6DNtra0FZdBwS-nuYA-RriWsb698vjeCA&amp;_nc_ohc=dVbPmnaJKVIAX8CPV-K&amp;_nc_ht=scontent-qro1-1.xx&amp;tp=7&amp;oh=01f32fd94c3c3111bb816b439480f5aa&amp;oe=5FCFBE18\" width=\"1105\" height=\"737\" \/><\/p>\n<p>&nbsp;<\/p>\n<p><img decoding=\"async\" src=\"https:\/\/scontent-qro1-1.xx.fbcdn.net\/v\/t1.15752-9\/s2048x2048\/124428136_1646424865526217_7219093682556321383_n.jpg?_nc_cat=109&amp;ccb=2&amp;_nc_sid=ae9488&amp;_nc_eui2=AeEIloSF6ccxZK8KKWnRW8n3WbnUZVVnwgZZudRlVWfCBraiQ6mcBZw9FKY7YOOJhhIQC4NtowMRhItay9tnTXCQ&amp;_nc_ohc=vrUNhTAQiIUAX9_41K7&amp;_nc_ht=scontent-qro1-1.xx&amp;tp=7&amp;oh=fccf624e49254049218ea4d54e242801&amp;oe=5FCEA398\" width=\"1105\" height=\"737\" \/><\/p>\n","protected":false},"excerpt":{"rendered":"<p>Continuando con el Programa Permanente de Embellecimiento de la Ciudad, el Gobierno Municipal que preside la Dra. Zoila Balderas Guzm\u00e1n llev\u00f3 a cabo la limpieza del tramo de la carretera a Ixhuatl\u00e1n en la zona conocida como &#8220;el manguito&#8221;. &nbsp;<\/p>\n","protected":false},"author":7,"featured_media":12218,"comment_status":"closed","ping_status":"closed","sticky":false,"template":"","format":"standard","meta":{"footnotes":""},"categories":[4],"tags":[],"class_list":["post-12216","post","type-post","status-publish","format-standard","has-post-thumbnail","hentry","category-noticias"],"_links":{"self":[{"href":"https:\/\/www.nanchital.gob.mx\/wp-nanchital\/wp-json\/wp\/v2\/posts\/12216","targetHints":{"allow":["GET"]}}],"collection":[{"href":"https:\/\/www.nanchital.gob.mx\/wp-nanchital\/wp-json\/wp\/v2\/posts"}],"about":[{"href":"https:\/\/www.nanchital.gob.mx\/wp-nanchital\/wp-json\/wp\/v2\/types\/post"}],"author":[{"embeddable":true,"href":"https:\/\/www.nanchital.gob.mx\/wp-nanchital\/wp-json\/wp\/v2\/users\/7"}],"replies":[{"embeddable":true,"href":"https:\/\/www.nanchital.gob.mx\/wp-nanchital\/wp-json\/wp\/v2\/comments?post=12216"}],"version-history":[{"count":1,"href":"https:\/\/www.nanchital.gob.mx\/wp-nanchital\/wp-json\/wp\/v2\/posts\/12216\/revisions"}],"predecessor-version":[{"id":12219,"href":"https:\/\/www.nanchital.gob.mx\/wp-nanchital\/wp-json\/wp\/v2\/posts\/12216\/revisions\/12219"}],"wp:featuredmedia":[{"embeddable":true,"href":"https:\/\/www.nanchital.gob.mx\/wp-nanchital\/wp-json\/wp\/v2\/media\/12218"}],"wp:attachment":[{"href":"https:\/\/www.nanchital.gob.mx\/wp-nanchital\/wp-json\/wp\/v2\/media?parent=12216"}],"wp:term":[{"taxonomy":"category","embeddable":true,"href":"https:\/\/www.nanchital.gob.mx\/wp-nanchital\/wp-json\/wp\/v2\/categories?post=12216"},{"taxonomy":"post_tag","embeddable":true,"href":"https:\/\/www.nanchital.gob.mx\/wp-nanchital\/wp-json\/wp\/v2\/tags?post=12216"}],"curies":[{"name":"wp","href":"https:\/\/api.w.org\/{rel}","templated":true}]}}