{"id":12212,"date":"2020-11-09T15:50:10","date_gmt":"2020-11-09T21:50:10","guid":{"rendered":"http:\/\/www.nanchital.gob.mx\/?p=12212"},"modified":"2020-11-09T15:52:22","modified_gmt":"2020-11-09T21:52:22","slug":"se-firma-convenio-de-colaboracion-con-la-universidad-veracruzana","status":"publish","type":"post","link":"https:\/\/www.nanchital.gob.mx\/wp-nanchital\/se-firma-convenio-de-colaboracion-con-la-universidad-veracruzana\/","title":{"rendered":"Se firma convenio de colaboraci\u00f3n con la Universidad Veracruzana"},"content":{"rendered":"<p>El Gobierno Municipal que preside la Dra. Zoila Balderas Guzm\u00e1n llev\u00f3 a cabo la firma de convenio de colaboraci\u00f3n con la Universidad Veracruzana, con el objetivo de ofrecer espacios de desarrollo profesional a los j\u00f3venes que deseen realizar su servicio social y de implementar actividades de capacitaci\u00f3n a la poblaci\u00f3n en general. En este importante evento estuvieron presentes autoridades de la m\u00e1xima casa de estudios en Veracruz, representadas por el Vicerrector Mtro. Carlos Lamothe Zavaleta e integrantes del cabildo municipal.<\/p>\n<p><img decoding=\"async\" class=\"nskh8ow2 idiwt2bm d2edcug0 dbpd2lw6\" src=\"https:\/\/scontent.fmtt1-1.fna.fbcdn.net\/v\/t1.15752-9\/124362008_1056734678102643_21486932579514487_n.jpg?_nc_cat=103&amp;ccb=2&amp;_nc_sid=ae9488&amp;_nc_eui2=AeE5Zg1Zd9dfUDn0KfCpL018pRzlxBj0hsilHOXEGPSGyBfr6_dLci4p9dX_mqSlHmk8xUbPunuVIcuYSfgs9rq7&amp;_nc_ohc=Uh2RbiAVaqIAX-8ET5j&amp;_nc_ht=scontent.fmtt1-1.fna&amp;oh=492d93c10f8ba989e2e2c97ab4fed5fc&amp;oe=5FCF7491\" alt=\"Sin descripci\u00f3n disponible.\" \/><\/p>\n","protected":false},"excerpt":{"rendered":"<p>El Gobierno Municipal que preside la Dra. Zoila Balderas Guzm\u00e1n llev\u00f3 a cabo la firma de convenio de colaboraci\u00f3n con la Universidad Veracruzana, con el objetivo de ofrecer espacios de desarrollo profesional a los j\u00f3venes que deseen realizar su servicio social y de implementar actividades de capacitaci\u00f3n a la poblaci\u00f3n en general. En este importante&hellip; <br \/> <a class=\"read-more\" href=\"https:\/\/www.nanchital.gob.mx\/wp-nanchital\/se-firma-convenio-de-colaboracion-con-la-universidad-veracruzana\/\">Leer m\u00e1s<\/a><\/p>\n","protected":false},"author":7,"featured_media":12214,"comment_status":"closed","ping_status":"closed","sticky":false,"template":"","format":"standard","meta":{"footnotes":""},"categories":[4],"tags":[],"class_list":["post-12212","post","type-post","status-publish","format-standard","has-post-thumbnail","hentry","category-noticias"],"_links":{"self":[{"href":"https:\/\/www.nanchital.gob.mx\/wp-nanchital\/wp-json\/wp\/v2\/posts\/12212","targetHints":{"allow":["GET"]}}],"collection":[{"href":"https:\/\/www.nanchital.gob.mx\/wp-nanchital\/wp-json\/wp\/v2\/posts"}],"about":[{"href":"https:\/\/www.nanchital.gob.mx\/wp-nanchital\/wp-json\/wp\/v2\/types\/post"}],"author":[{"embeddable":true,"href":"https:\/\/www.nanchital.gob.mx\/wp-nanchital\/wp-json\/wp\/v2\/users\/7"}],"replies":[{"embeddable":true,"href":"https:\/\/www.nanchital.gob.mx\/wp-nanchital\/wp-json\/wp\/v2\/comments?post=12212"}],"version-history":[{"count":1,"href":"https:\/\/www.nanchital.gob.mx\/wp-nanchital\/wp-json\/wp\/v2\/posts\/12212\/revisions"}],"predecessor-version":[{"id":12215,"href":"https:\/\/www.nanchital.gob.mx\/wp-nanchital\/wp-json\/wp\/v2\/posts\/12212\/revisions\/12215"}],"wp:featuredmedia":[{"embeddable":true,"href":"https:\/\/www.nanchital.gob.mx\/wp-nanchital\/wp-json\/wp\/v2\/media\/12214"}],"wp:attachment":[{"href":"https:\/\/www.nanchital.gob.mx\/wp-nanchital\/wp-json\/wp\/v2\/media?parent=12212"}],"wp:term":[{"taxonomy":"category","embeddable":true,"href":"https:\/\/www.nanchital.gob.mx\/wp-nanchital\/wp-json\/wp\/v2\/categories?post=12212"},{"taxonomy":"post_tag","embeddable":true,"href":"https:\/\/www.nanchital.gob.mx\/wp-nanchital\/wp-json\/wp\/v2\/tags?post=12212"}],"curies":[{"name":"wp","href":"https:\/\/api.w.org\/{rel}","templated":true}]}}