{"id":12202,"date":"2020-11-06T13:17:00","date_gmt":"2020-11-06T19:17:00","guid":{"rendered":"http:\/\/www.nanchital.gob.mx\/?p=12202"},"modified":"2020-11-06T13:17:00","modified_gmt":"2020-11-06T19:17:00","slug":"se-inicia-obra-del-centro-integrador-de-desarrollo","status":"publish","type":"post","link":"https:\/\/www.nanchital.gob.mx\/wp-nanchital\/se-inicia-obra-del-centro-integrador-de-desarrollo\/","title":{"rendered":"Se inicia obra del Centro Integrador de Desarrollo"},"content":{"rendered":"<p>Como parte del mejoramiento en la infraestructura de servicios para los ciudadanos, el Gobierno Municipal que preside la Dra. Zoila Balderas Guzm\u00e1n realiza la construcci\u00f3n del Centro Integrador de Desarrollo, el cual est\u00e1 orientado a ejecutar acciones sociales b\u00e1sicas de atenci\u00f3n inmediata. Con esta obra se pretende beneficiar a un n\u00famero importante de familias y personas que realizan tr\u00e1mites de los programas de la Secretar\u00eda de Bienestar del Gobierno de M\u00e9xico, quienes actualmente cuentan con una oficina peque\u00f1a sobre la calle 20 de Noviembre. \u201cEste espacio que estamos construyendo va a permitir mejorar el servicio a los ciudadanos de Nanchital que son beneficiados con los programas de Gobierno, ya que podr\u00e1n realizar sus tr\u00e1mites en un espacio digno con vest\u00edbulo, oficinas c\u00f3modas y servicios sanitarios\u201d coment\u00f3 la alcaldesa Dra. Zoila Balderas Guzm\u00e1n.<\/p>\n<p><img decoding=\"async\" class=\"nskh8ow2 idiwt2bm d2edcug0 dbpd2lw6\" src=\"https:\/\/scontent-qro1-1.xx.fbcdn.net\/v\/t1.15752-9\/123951146_366745697770216_5914811218057389767_n.jpg?_nc_cat=110&amp;ccb=2&amp;_nc_sid=ae9488&amp;_nc_eui2=AeFz5scffKLIiuH1aCFSXpAWE2UuYZtGC4ETZS5hm0YLgXsrwrhdsEJvi0dFOrJa8_0ARXBDOjknCjfTVVPgMrU4&amp;_nc_ohc=Z7zuYZlffHMAX_-mn3k&amp;_nc_ht=scontent-qro1-1.xx&amp;oh=e78e5cc649c0db7633b64458e2ce3e63&amp;oe=5FCAD1B3\" alt=\"Sin descripci\u00f3n disponible.\" \/><\/p>\n","protected":false},"excerpt":{"rendered":"<p>Como parte del mejoramiento en la infraestructura de servicios para los ciudadanos, el Gobierno Municipal que preside la Dra. Zoila Balderas Guzm\u00e1n realiza la construcci\u00f3n del Centro Integrador de Desarrollo, el cual est\u00e1 orientado a ejecutar acciones sociales b\u00e1sicas de atenci\u00f3n inmediata. Con esta obra se pretende beneficiar a un n\u00famero importante de familias y&hellip; <br \/> <a class=\"read-more\" href=\"https:\/\/www.nanchital.gob.mx\/wp-nanchital\/se-inicia-obra-del-centro-integrador-de-desarrollo\/\">Leer m\u00e1s<\/a><\/p>\n","protected":false},"author":7,"featured_media":12204,"comment_status":"closed","ping_status":"closed","sticky":false,"template":"","format":"standard","meta":{"footnotes":""},"categories":[4],"tags":[],"class_list":["post-12202","post","type-post","status-publish","format-standard","has-post-thumbnail","hentry","category-noticias"],"_links":{"self":[{"href":"https:\/\/www.nanchital.gob.mx\/wp-nanchital\/wp-json\/wp\/v2\/posts\/12202","targetHints":{"allow":["GET"]}}],"collection":[{"href":"https:\/\/www.nanchital.gob.mx\/wp-nanchital\/wp-json\/wp\/v2\/posts"}],"about":[{"href":"https:\/\/www.nanchital.gob.mx\/wp-nanchital\/wp-json\/wp\/v2\/types\/post"}],"author":[{"embeddable":true,"href":"https:\/\/www.nanchital.gob.mx\/wp-nanchital\/wp-json\/wp\/v2\/users\/7"}],"replies":[{"embeddable":true,"href":"https:\/\/www.nanchital.gob.mx\/wp-nanchital\/wp-json\/wp\/v2\/comments?post=12202"}],"version-history":[{"count":1,"href":"https:\/\/www.nanchital.gob.mx\/wp-nanchital\/wp-json\/wp\/v2\/posts\/12202\/revisions"}],"predecessor-version":[{"id":12205,"href":"https:\/\/www.nanchital.gob.mx\/wp-nanchital\/wp-json\/wp\/v2\/posts\/12202\/revisions\/12205"}],"wp:featuredmedia":[{"embeddable":true,"href":"https:\/\/www.nanchital.gob.mx\/wp-nanchital\/wp-json\/wp\/v2\/media\/12204"}],"wp:attachment":[{"href":"https:\/\/www.nanchital.gob.mx\/wp-nanchital\/wp-json\/wp\/v2\/media?parent=12202"}],"wp:term":[{"taxonomy":"category","embeddable":true,"href":"https:\/\/www.nanchital.gob.mx\/wp-nanchital\/wp-json\/wp\/v2\/categories?post=12202"},{"taxonomy":"post_tag","embeddable":true,"href":"https:\/\/www.nanchital.gob.mx\/wp-nanchital\/wp-json\/wp\/v2\/tags?post=12202"}],"curies":[{"name":"wp","href":"https:\/\/api.w.org\/{rel}","templated":true}]}}