{"id":12198,"date":"2020-11-05T15:29:00","date_gmt":"2020-11-05T21:29:00","guid":{"rendered":"http:\/\/www.nanchital.gob.mx\/?p=12198"},"modified":"2020-11-05T15:29:00","modified_gmt":"2020-11-05T21:29:00","slug":"braskem-entrega-insumos-contra-el-covid-19-al-ayuntamiento","status":"publish","type":"post","link":"https:\/\/www.nanchital.gob.mx\/wp-nanchital\/braskem-entrega-insumos-contra-el-covid-19-al-ayuntamiento\/","title":{"rendered":"Braskem entrega insumos contra el Covid-19 al Ayuntamiento"},"content":{"rendered":"<p>Gracias a las gestiones del Gobierno Municipal que preside la Dra. Zoila Balderas Guzm\u00e1n, la empresa Braskem entreg\u00f3 al Ayuntamiento y al DIF de Nanchital art\u00edculos como Overoles, lentes protectores, cubrebocas y caretas, as\u00ed como 6 mil litros de jab\u00f3n l\u00edquido, cloro y aromatizante para pisos, que ser\u00e1n utilizados en labores de sanitizaci\u00f3n de espacios p\u00fablicos.<\/p>\n<p><img decoding=\"async\" class=\"nskh8ow2 idiwt2bm d2edcug0 dbpd2lw6\" src=\"https:\/\/scontent.fmtt1-1.fna.fbcdn.net\/v\/t1.15752-9\/123457184_797518544158499_5353603482823975582_n.jpg?_nc_cat=110&amp;ccb=2&amp;_nc_sid=ae9488&amp;_nc_eui2=AeH2IMf-whE1qYhyDmpUgaprmB8OPxD9WnCYHw4_EP1acCT_LfBMN7KHXB5Ldo3h8hsD53edu4qxDn-qjUdAS46l&amp;_nc_ohc=Wic7IH-AdoEAX9HVG98&amp;_nc_ht=scontent.fmtt1-1.fna&amp;oh=774f48eea557bc6aa6ea3b3f96829bb5&amp;oe=5FC8DCBE\" alt=\"Sin descripci\u00f3n disponible.\" \/><\/p>\n<p>&nbsp;<\/p>\n<p><img decoding=\"async\" class=\"nskh8ow2 idiwt2bm d2edcug0 dbpd2lw6\" src=\"https:\/\/scontent.fmtt1-1.fna.fbcdn.net\/v\/t1.15752-9\/123423269_409185920463574_3506620905206238146_n.jpg?_nc_cat=104&amp;ccb=2&amp;_nc_sid=ae9488&amp;_nc_eui2=AeEOBzUqecG-MuW-HAt_gJRu7dnEnVVL9Lrt2cSdVUv0unOhyvsSozBGhTVttmwMeotpSY8LdUUmuet2zuTr3wCs&amp;_nc_ohc=SN7ZcCR074QAX-ku8BG&amp;_nc_ht=scontent.fmtt1-1.fna&amp;oh=0f84a54fbbdc416701c6a954128c9d1c&amp;oe=5FC90807\" alt=\"Sin descripci\u00f3n disponible.\" \/><\/p>\n","protected":false},"excerpt":{"rendered":"<p>Gracias a las gestiones del Gobierno Municipal que preside la Dra. Zoila Balderas Guzm\u00e1n, la empresa Braskem entreg\u00f3 al Ayuntamiento y al DIF de Nanchital art\u00edculos como Overoles, lentes protectores, cubrebocas y caretas, as\u00ed como 6 mil litros de jab\u00f3n l\u00edquido, cloro y aromatizante para pisos, que ser\u00e1n utilizados en labores de sanitizaci\u00f3n de espacios&hellip; <br \/> <a class=\"read-more\" href=\"https:\/\/www.nanchital.gob.mx\/wp-nanchital\/braskem-entrega-insumos-contra-el-covid-19-al-ayuntamiento\/\">Leer m\u00e1s<\/a><\/p>\n","protected":false},"author":7,"featured_media":12200,"comment_status":"closed","ping_status":"closed","sticky":false,"template":"","format":"standard","meta":{"footnotes":""},"categories":[4],"tags":[],"class_list":["post-12198","post","type-post","status-publish","format-standard","has-post-thumbnail","hentry","category-noticias"],"_links":{"self":[{"href":"https:\/\/www.nanchital.gob.mx\/wp-nanchital\/wp-json\/wp\/v2\/posts\/12198","targetHints":{"allow":["GET"]}}],"collection":[{"href":"https:\/\/www.nanchital.gob.mx\/wp-nanchital\/wp-json\/wp\/v2\/posts"}],"about":[{"href":"https:\/\/www.nanchital.gob.mx\/wp-nanchital\/wp-json\/wp\/v2\/types\/post"}],"author":[{"embeddable":true,"href":"https:\/\/www.nanchital.gob.mx\/wp-nanchital\/wp-json\/wp\/v2\/users\/7"}],"replies":[{"embeddable":true,"href":"https:\/\/www.nanchital.gob.mx\/wp-nanchital\/wp-json\/wp\/v2\/comments?post=12198"}],"version-history":[{"count":1,"href":"https:\/\/www.nanchital.gob.mx\/wp-nanchital\/wp-json\/wp\/v2\/posts\/12198\/revisions"}],"predecessor-version":[{"id":12201,"href":"https:\/\/www.nanchital.gob.mx\/wp-nanchital\/wp-json\/wp\/v2\/posts\/12198\/revisions\/12201"}],"wp:featuredmedia":[{"embeddable":true,"href":"https:\/\/www.nanchital.gob.mx\/wp-nanchital\/wp-json\/wp\/v2\/media\/12200"}],"wp:attachment":[{"href":"https:\/\/www.nanchital.gob.mx\/wp-nanchital\/wp-json\/wp\/v2\/media?parent=12198"}],"wp:term":[{"taxonomy":"category","embeddable":true,"href":"https:\/\/www.nanchital.gob.mx\/wp-nanchital\/wp-json\/wp\/v2\/categories?post=12198"},{"taxonomy":"post_tag","embeddable":true,"href":"https:\/\/www.nanchital.gob.mx\/wp-nanchital\/wp-json\/wp\/v2\/tags?post=12198"}],"curies":[{"name":"wp","href":"https:\/\/api.w.org\/{rel}","templated":true}]}}