{"id":12077,"date":"2020-11-04T15:51:29","date_gmt":"2020-11-04T21:51:29","guid":{"rendered":"http:\/\/www.nanchital.gob.mx\/?p=12077"},"modified":"2020-11-04T15:51:29","modified_gmt":"2020-11-04T21:51:29","slug":"imss-responde-a-gestiones-del-ayuntamiento","status":"publish","type":"post","link":"https:\/\/www.nanchital.gob.mx\/wp-nanchital\/imss-responde-a-gestiones-del-ayuntamiento\/","title":{"rendered":"IMSS responde a gestiones del Ayuntamiento"},"content":{"rendered":"<p>Gracias a la reuni\u00f3n que sostuvo la alcaldesa Dra. Zoila Balderas Guzm\u00e1n con la Delegada del Instituto Mexicano del Seguro Social en Veracruz, Dra. Celida Duque Molina, la propuesta para la construcci\u00f3n de una nueva cl\u00ednica de mayor capacidad y con mejores servicios, ser\u00e1 una realidad en el municipio de Nanchital. Previo a esa importante gesti\u00f3n, personal del IMSS visit\u00f3 la actual Unidad M\u00e9dico Familiar N\u00famero 66 para verificar las condiciones en las que se encuentra, actividad que no se hab\u00eda realizado en mucho tiempo y que en lo inmediato, tendr\u00e1 beneficios importantes en los pr\u00f3ximos d\u00edas, con la mejora de la infraestructura con la que se cuenta actualmente. \u201cSeguiremos tocando puertas en todas las instancias para mejorar los servicios estatales y federales que se brindan en nuestro municipio, por lo pronto le dar\u00e1n un importante mantenimiento a la cl\u00ednica actual para mejorar el servicio que se brinda a los nanchitecos, esperamos que el Congreso del Estado apruebe la donaci\u00f3n del terreno para que se construya una nueva cl\u00ednica\u201d afirm\u00f3 la alcaldesa Dra. Zoila Balderas Guzm\u00e1n.<\/p>\n<p><img decoding=\"async\" class=\"nskh8ow2 idiwt2bm d2edcug0 dbpd2lw6\" src=\"https:\/\/scontent-qro1-1.xx.fbcdn.net\/v\/t1.15752-9\/123664597_678717929723139_338213500048498250_n.jpg?_nc_cat=105&amp;ccb=2&amp;_nc_sid=ae9488&amp;_nc_eui2=AeE0ojaLv4Q_M7PCzB59Y7ngxIuwUuUCIgvEi7BS5QIiC9HnjLi7VQbrsqx9_EixbS4dsIVgI7oO9mAXEICASOtb&amp;_nc_ohc=rzP-AT-18Z8AX_9-nPv&amp;_nc_ht=scontent-qro1-1.xx&amp;oh=92feb490bb03aa0f9b478307d4303f70&amp;oe=5FC8A42C\" alt=\"Sin descripci\u00f3n disponible.\" \/><\/p>\n","protected":false},"excerpt":{"rendered":"<p>Gracias a la reuni\u00f3n que sostuvo la alcaldesa Dra. Zoila Balderas Guzm\u00e1n con la Delegada del Instituto Mexicano del Seguro Social en Veracruz, Dra. Celida Duque Molina, la propuesta para la construcci\u00f3n de una nueva cl\u00ednica de mayor capacidad y con mejores servicios, ser\u00e1 una realidad en el municipio de Nanchital. Previo a esa importante&hellip; <br \/> <a class=\"read-more\" href=\"https:\/\/www.nanchital.gob.mx\/wp-nanchital\/imss-responde-a-gestiones-del-ayuntamiento\/\">Leer m\u00e1s<\/a><\/p>\n","protected":false},"author":7,"featured_media":12079,"comment_status":"closed","ping_status":"closed","sticky":false,"template":"","format":"standard","meta":{"footnotes":""},"categories":[4],"tags":[],"class_list":["post-12077","post","type-post","status-publish","format-standard","has-post-thumbnail","hentry","category-noticias"],"_links":{"self":[{"href":"https:\/\/www.nanchital.gob.mx\/wp-nanchital\/wp-json\/wp\/v2\/posts\/12077","targetHints":{"allow":["GET"]}}],"collection":[{"href":"https:\/\/www.nanchital.gob.mx\/wp-nanchital\/wp-json\/wp\/v2\/posts"}],"about":[{"href":"https:\/\/www.nanchital.gob.mx\/wp-nanchital\/wp-json\/wp\/v2\/types\/post"}],"author":[{"embeddable":true,"href":"https:\/\/www.nanchital.gob.mx\/wp-nanchital\/wp-json\/wp\/v2\/users\/7"}],"replies":[{"embeddable":true,"href":"https:\/\/www.nanchital.gob.mx\/wp-nanchital\/wp-json\/wp\/v2\/comments?post=12077"}],"version-history":[{"count":1,"href":"https:\/\/www.nanchital.gob.mx\/wp-nanchital\/wp-json\/wp\/v2\/posts\/12077\/revisions"}],"predecessor-version":[{"id":12080,"href":"https:\/\/www.nanchital.gob.mx\/wp-nanchital\/wp-json\/wp\/v2\/posts\/12077\/revisions\/12080"}],"wp:featuredmedia":[{"embeddable":true,"href":"https:\/\/www.nanchital.gob.mx\/wp-nanchital\/wp-json\/wp\/v2\/media\/12079"}],"wp:attachment":[{"href":"https:\/\/www.nanchital.gob.mx\/wp-nanchital\/wp-json\/wp\/v2\/media?parent=12077"}],"wp:term":[{"taxonomy":"category","embeddable":true,"href":"https:\/\/www.nanchital.gob.mx\/wp-nanchital\/wp-json\/wp\/v2\/categories?post=12077"},{"taxonomy":"post_tag","embeddable":true,"href":"https:\/\/www.nanchital.gob.mx\/wp-nanchital\/wp-json\/wp\/v2\/tags?post=12077"}],"curies":[{"name":"wp","href":"https:\/\/api.w.org\/{rel}","templated":true}]}}