{"id":12046,"date":"2020-11-03T10:35:49","date_gmt":"2020-11-03T16:35:49","guid":{"rendered":"http:\/\/www.nanchital.gob.mx\/?p=12046"},"modified":"2020-11-03T10:35:49","modified_gmt":"2020-11-03T16:35:49","slug":"se-presenta-el-tradicional-altar-de-muertos","status":"publish","type":"post","link":"https:\/\/www.nanchital.gob.mx\/wp-nanchital\/se-presenta-el-tradicional-altar-de-muertos\/","title":{"rendered":"Se presenta el tradicional altar de muertos"},"content":{"rendered":"<p>Con motivo de la celebraci\u00f3n de los fieles difuntos, el Gobierno Municipal que preside la Dra. Zoila Balderas llev\u00f3 a cabo la presentaci\u00f3n del altar de muertos en el Auditorio Municipal, en el que se realiz\u00f3 una ceremonia religiosa a petici\u00f3n de las familias que han perdido a sus seres queridos en este 2020. El altar fue elaborado con influencias de los estados de Oaxaca, Chiapas, Tabasco y Veracruz, con toques distintivos del municipio de Nanchital, por personal de Educaci\u00f3n, Turismo, Acci\u00f3n Social, Mantenimiento Civil y de otros departamentos.<\/p>\n<p><img decoding=\"async\" class=\"nskh8ow2 idiwt2bm d2edcug0 dbpd2lw6\" src=\"https:\/\/scontent.fmtt1-1.fna.fbcdn.net\/v\/t1.15752-9\/123701414_2732523210338979_5179694198484359166_n.jpg?_nc_cat=106&amp;ccb=2&amp;_nc_sid=ae9488&amp;_nc_eui2=AeFQ2jT0MhE5urt8vYihFJm7G76LIxSkPvsbvosjFKQ--xpoY32KfLR9kRdDzqyRkiaCfvp64FLp4d3W2RiWIasW&amp;_nc_ohc=Lf2BmWpx8aYAX-ojd0Y&amp;_nc_ht=scontent.fmtt1-1.fna&amp;oh=ffbed1805316e9fe94d6c1fab2ee2301&amp;oe=5FC6235A\" alt=\"Sin descripci\u00f3n disponible.\" \/><\/p>\n<p><img decoding=\"async\" class=\"nskh8ow2 idiwt2bm d2edcug0 dbpd2lw6\" src=\"https:\/\/scontent.fmtt1-1.fna.fbcdn.net\/v\/t1.15752-9\/123165442_765720583986533_7710827200676556980_n.jpg?_nc_cat=105&amp;ccb=2&amp;_nc_sid=ae9488&amp;_nc_eui2=AeFQtjQZgC5Ik6y9afDrq0AHJQn0EsY_-AMlCfQSxj_4Awk5EdWxk5yqK--lc-vVekeAO2R3IYsXiMXKRVMJd-9i&amp;_nc_ohc=P7Y9WYJNiaIAX_h8HyD&amp;_nc_ht=scontent.fmtt1-1.fna&amp;oh=2cef2710deb8b90bd001a02c6f42e634&amp;oe=5FC65461\" alt=\"Sin descripci\u00f3n disponible.\" \/><\/p>\n","protected":false},"excerpt":{"rendered":"<p>Con motivo de la celebraci\u00f3n de los fieles difuntos, el Gobierno Municipal que preside la Dra. Zoila Balderas llev\u00f3 a cabo la presentaci\u00f3n del altar de muertos en el Auditorio Municipal, en el que se realiz\u00f3 una ceremonia religiosa a petici\u00f3n de las familias que han perdido a sus seres queridos en este 2020. El&hellip; <br \/> <a class=\"read-more\" href=\"https:\/\/www.nanchital.gob.mx\/wp-nanchital\/se-presenta-el-tradicional-altar-de-muertos\/\">Leer m\u00e1s<\/a><\/p>\n","protected":false},"author":7,"featured_media":12048,"comment_status":"closed","ping_status":"closed","sticky":false,"template":"","format":"standard","meta":{"footnotes":""},"categories":[4],"tags":[],"class_list":["post-12046","post","type-post","status-publish","format-standard","has-post-thumbnail","hentry","category-noticias"],"_links":{"self":[{"href":"https:\/\/www.nanchital.gob.mx\/wp-nanchital\/wp-json\/wp\/v2\/posts\/12046","targetHints":{"allow":["GET"]}}],"collection":[{"href":"https:\/\/www.nanchital.gob.mx\/wp-nanchital\/wp-json\/wp\/v2\/posts"}],"about":[{"href":"https:\/\/www.nanchital.gob.mx\/wp-nanchital\/wp-json\/wp\/v2\/types\/post"}],"author":[{"embeddable":true,"href":"https:\/\/www.nanchital.gob.mx\/wp-nanchital\/wp-json\/wp\/v2\/users\/7"}],"replies":[{"embeddable":true,"href":"https:\/\/www.nanchital.gob.mx\/wp-nanchital\/wp-json\/wp\/v2\/comments?post=12046"}],"version-history":[{"count":1,"href":"https:\/\/www.nanchital.gob.mx\/wp-nanchital\/wp-json\/wp\/v2\/posts\/12046\/revisions"}],"predecessor-version":[{"id":12049,"href":"https:\/\/www.nanchital.gob.mx\/wp-nanchital\/wp-json\/wp\/v2\/posts\/12046\/revisions\/12049"}],"wp:featuredmedia":[{"embeddable":true,"href":"https:\/\/www.nanchital.gob.mx\/wp-nanchital\/wp-json\/wp\/v2\/media\/12048"}],"wp:attachment":[{"href":"https:\/\/www.nanchital.gob.mx\/wp-nanchital\/wp-json\/wp\/v2\/media?parent=12046"}],"wp:term":[{"taxonomy":"category","embeddable":true,"href":"https:\/\/www.nanchital.gob.mx\/wp-nanchital\/wp-json\/wp\/v2\/categories?post=12046"},{"taxonomy":"post_tag","embeddable":true,"href":"https:\/\/www.nanchital.gob.mx\/wp-nanchital\/wp-json\/wp\/v2\/tags?post=12046"}],"curies":[{"name":"wp","href":"https:\/\/api.w.org\/{rel}","templated":true}]}}