{"id":12042,"date":"2020-10-30T13:54:18","date_gmt":"2020-10-30T19:54:18","guid":{"rendered":"http:\/\/www.nanchital.gob.mx\/?p=12042"},"modified":"2020-10-30T13:54:18","modified_gmt":"2020-10-30T19:54:18","slug":"se-capacita-a-comerciantes-sobre-medidas-sanitarias","status":"publish","type":"post","link":"https:\/\/www.nanchital.gob.mx\/wp-nanchital\/se-capacita-a-comerciantes-sobre-medidas-sanitarias\/","title":{"rendered":"Se capacita a comerciantes sobre medidas sanitarias"},"content":{"rendered":"<p>Como parte de las acciones para disminuir la propagaci\u00f3n del Covid-19, el Gobierno Municipal que preside la Dra. Zoila Balderas Guzm\u00e1n en conjunto con la Direcci\u00f3n de Protecci\u00f3n Contra Riesgos Sanitarios y el Departamento de Regulaci\u00f3n Sanitaria de la Jurisdicci\u00f3n XI de la Secretar\u00eda del Salud del Estado de Veracruz, brind\u00f3 capacitaci\u00f3n a comerciantes del municipio. El objetivo principal de la reuni\u00f3n con el comercio local fue el de proveer el c\u00f3digo QR que indica las medidas a tomar para prevenir el contagio del Coronavirus Covid-19.<\/p>\n<p><img decoding=\"async\" class=\"nskh8ow2 idiwt2bm d2edcug0 dbpd2lw6\" src=\"https:\/\/scontent-qro1-1.xx.fbcdn.net\/v\/t1.15752-9\/123137511_695277534422918_3853280212166061193_n.jpg?_nc_cat=108&amp;ccb=2&amp;_nc_sid=ae9488&amp;_nc_eui2=AeGlrEw-v12cJpIIs7gC630-UMDV8HFuLP9QwNXwcW4s_wtQsoKyb3xPdTGauBTtlejhEwT2traAIAM3Gt827FFW&amp;_nc_ohc=04fX8MpoDUUAX-blRI0&amp;_nc_ht=scontent-qro1-1.xx&amp;oh=2f6d4caf294d5ec863ccd5cda3e78d7e&amp;oe=5FC15339\" alt=\"Sin descripci\u00f3n disponible.\" \/><\/p>\n<p><img decoding=\"async\" class=\"nskh8ow2 idiwt2bm d2edcug0 dbpd2lw6\" src=\"https:\/\/scontent-qro1-1.xx.fbcdn.net\/v\/t1.15752-9\/122983200_385713432626151_5646738998697972738_n.jpg?_nc_cat=110&amp;ccb=2&amp;_nc_sid=ae9488&amp;_nc_eui2=AeFu7Xhq1zpnxGrq8cXzcor1JDf_bz2Ga6wkN_9vPYZrrPdVSIO3MAqrMjJXPpFox5U2mx4XdudaVkRbTIlMxu1F&amp;_nc_ohc=CxEejCNpbxsAX9bvE5j&amp;_nc_ht=scontent-qro1-1.xx&amp;oh=1d5e17c369f64c3ccdbf929b63ee8635&amp;oe=5FC099F3\" alt=\"Sin descripci\u00f3n disponible.\" \/><\/p>\n","protected":false},"excerpt":{"rendered":"<p>Como parte de las acciones para disminuir la propagaci\u00f3n del Covid-19, el Gobierno Municipal que preside la Dra. Zoila Balderas Guzm\u00e1n en conjunto con la Direcci\u00f3n de Protecci\u00f3n Contra Riesgos Sanitarios y el Departamento de Regulaci\u00f3n Sanitaria de la Jurisdicci\u00f3n XI de la Secretar\u00eda del Salud del Estado de Veracruz, brind\u00f3 capacitaci\u00f3n a comerciantes del&hellip; <br \/> <a class=\"read-more\" href=\"https:\/\/www.nanchital.gob.mx\/wp-nanchital\/se-capacita-a-comerciantes-sobre-medidas-sanitarias\/\">Leer m\u00e1s<\/a><\/p>\n","protected":false},"author":7,"featured_media":12044,"comment_status":"closed","ping_status":"closed","sticky":false,"template":"","format":"standard","meta":{"footnotes":""},"categories":[4],"tags":[],"class_list":["post-12042","post","type-post","status-publish","format-standard","has-post-thumbnail","hentry","category-noticias"],"_links":{"self":[{"href":"https:\/\/www.nanchital.gob.mx\/wp-nanchital\/wp-json\/wp\/v2\/posts\/12042","targetHints":{"allow":["GET"]}}],"collection":[{"href":"https:\/\/www.nanchital.gob.mx\/wp-nanchital\/wp-json\/wp\/v2\/posts"}],"about":[{"href":"https:\/\/www.nanchital.gob.mx\/wp-nanchital\/wp-json\/wp\/v2\/types\/post"}],"author":[{"embeddable":true,"href":"https:\/\/www.nanchital.gob.mx\/wp-nanchital\/wp-json\/wp\/v2\/users\/7"}],"replies":[{"embeddable":true,"href":"https:\/\/www.nanchital.gob.mx\/wp-nanchital\/wp-json\/wp\/v2\/comments?post=12042"}],"version-history":[{"count":1,"href":"https:\/\/www.nanchital.gob.mx\/wp-nanchital\/wp-json\/wp\/v2\/posts\/12042\/revisions"}],"predecessor-version":[{"id":12045,"href":"https:\/\/www.nanchital.gob.mx\/wp-nanchital\/wp-json\/wp\/v2\/posts\/12042\/revisions\/12045"}],"wp:featuredmedia":[{"embeddable":true,"href":"https:\/\/www.nanchital.gob.mx\/wp-nanchital\/wp-json\/wp\/v2\/media\/12044"}],"wp:attachment":[{"href":"https:\/\/www.nanchital.gob.mx\/wp-nanchital\/wp-json\/wp\/v2\/media?parent=12042"}],"wp:term":[{"taxonomy":"category","embeddable":true,"href":"https:\/\/www.nanchital.gob.mx\/wp-nanchital\/wp-json\/wp\/v2\/categories?post=12042"},{"taxonomy":"post_tag","embeddable":true,"href":"https:\/\/www.nanchital.gob.mx\/wp-nanchital\/wp-json\/wp\/v2\/tags?post=12042"}],"curies":[{"name":"wp","href":"https:\/\/api.w.org\/{rel}","templated":true}]}}