{"id":12002,"date":"2020-10-23T12:57:23","date_gmt":"2020-10-23T18:57:23","guid":{"rendered":"http:\/\/www.nanchital.gob.mx\/?p=12002"},"modified":"2020-10-23T12:57:23","modified_gmt":"2020-10-23T18:57:23","slug":"se-reconoce-labor-de-personal-del-ayuntamiento","status":"publish","type":"post","link":"https:\/\/www.nanchital.gob.mx\/wp-nanchital\/se-reconoce-labor-de-personal-del-ayuntamiento\/","title":{"rendered":"Se reconoce labor de personal del Ayuntamiento"},"content":{"rendered":"<p>Con motivo del D\u00eda del Empleado Municipal, el Gobierno de Nanchital que preside la Dra. Zoila Balderas Guzm\u00e1n, reconoci\u00f3 la labor de los trabajadores sindicalizados Nelly Santiago Hern\u00e1ndez como empleada administrativa, Ignacio Ismael Torres Cort\u00e9s como empleado de \u00e1rea y por primera vez. se otorg\u00f3 un est\u00edmulo a un trabajador eventual, siendo Bruno S\u00e1nchez Gonz\u00e1lez.<\/p>\n","protected":false},"excerpt":{"rendered":"<p>Con motivo del D\u00eda del Empleado Municipal, el Gobierno de Nanchital que preside la Dra. Zoila Balderas Guzm\u00e1n, reconoci\u00f3 la labor de los trabajadores sindicalizados Nelly Santiago Hern\u00e1ndez como empleada administrativa, Ignacio Ismael Torres Cort\u00e9s como empleado de \u00e1rea y por primera vez. se otorg\u00f3 un est\u00edmulo a un trabajador eventual, siendo Bruno S\u00e1nchez Gonz\u00e1lez.<\/p>\n","protected":false},"author":7,"featured_media":12004,"comment_status":"closed","ping_status":"closed","sticky":false,"template":"","format":"standard","meta":{"footnotes":""},"categories":[4],"tags":[],"class_list":["post-12002","post","type-post","status-publish","format-standard","has-post-thumbnail","hentry","category-noticias"],"_links":{"self":[{"href":"https:\/\/www.nanchital.gob.mx\/wp-nanchital\/wp-json\/wp\/v2\/posts\/12002","targetHints":{"allow":["GET"]}}],"collection":[{"href":"https:\/\/www.nanchital.gob.mx\/wp-nanchital\/wp-json\/wp\/v2\/posts"}],"about":[{"href":"https:\/\/www.nanchital.gob.mx\/wp-nanchital\/wp-json\/wp\/v2\/types\/post"}],"author":[{"embeddable":true,"href":"https:\/\/www.nanchital.gob.mx\/wp-nanchital\/wp-json\/wp\/v2\/users\/7"}],"replies":[{"embeddable":true,"href":"https:\/\/www.nanchital.gob.mx\/wp-nanchital\/wp-json\/wp\/v2\/comments?post=12002"}],"version-history":[{"count":1,"href":"https:\/\/www.nanchital.gob.mx\/wp-nanchital\/wp-json\/wp\/v2\/posts\/12002\/revisions"}],"predecessor-version":[{"id":12005,"href":"https:\/\/www.nanchital.gob.mx\/wp-nanchital\/wp-json\/wp\/v2\/posts\/12002\/revisions\/12005"}],"wp:featuredmedia":[{"embeddable":true,"href":"https:\/\/www.nanchital.gob.mx\/wp-nanchital\/wp-json\/wp\/v2\/media\/12004"}],"wp:attachment":[{"href":"https:\/\/www.nanchital.gob.mx\/wp-nanchital\/wp-json\/wp\/v2\/media?parent=12002"}],"wp:term":[{"taxonomy":"category","embeddable":true,"href":"https:\/\/www.nanchital.gob.mx\/wp-nanchital\/wp-json\/wp\/v2\/categories?post=12002"},{"taxonomy":"post_tag","embeddable":true,"href":"https:\/\/www.nanchital.gob.mx\/wp-nanchital\/wp-json\/wp\/v2\/tags?post=12002"}],"curies":[{"name":"wp","href":"https:\/\/api.w.org\/{rel}","templated":true}]}}