{"id":11957,"date":"2020-10-22T14:37:37","date_gmt":"2020-10-22T20:37:37","guid":{"rendered":"http:\/\/www.nanchital.gob.mx\/?p=11957"},"modified":"2020-10-22T14:37:37","modified_gmt":"2020-10-22T20:37:37","slug":"se-realiza-brigada-en-el-ejido-lazaro-cardenas","status":"publish","type":"post","link":"https:\/\/www.nanchital.gob.mx\/wp-nanchital\/se-realiza-brigada-en-el-ejido-lazaro-cardenas\/","title":{"rendered":"Se realiza brigada en el Ejido L\u00e1zaro C\u00e1rdenas"},"content":{"rendered":"<div class=\"kvgmc6g5 cxmmr5t8 oygrvhab hcukyx3x c1et5uql\"><\/div>\n<div class=\"o9v6fnle cxmmr5t8 oygrvhab hcukyx3x c1et5uql\">Como parte de las actividades del Instituto Municipal de la Mujer, el Gobierno de Nanchital que preside la Dra. Zoila Balderas Guzm\u00e1n realiz\u00f3 una brigada asistencial en el Ejido L\u00e1zaro C\u00e1rdenas, en la que se inform\u00f3 a las mujeres sobre el c\u00e1ncer de mama, adem\u00e1s de impartirse un taller de manualidades y cortes de cabello gratuitos.<\/div>\n<div><img decoding=\"async\" class=\"nskh8ow2 idiwt2bm d2edcug0 dbpd2lw6\" src=\"https:\/\/scontent-qro1-1.xx.fbcdn.net\/v\/t1.15752-9\/122244569_1828715307291678_6913409069847325465_n.jpg?_nc_cat=107&amp;ccb=2&amp;_nc_sid=ae9488&amp;_nc_eui2=AeHYMUk6HXdb_ClFoFMXRcm2kq-Ajw4E962Sr4CPDgT3rc1ZS4jDB0KyqvBgZfQjuBd2Ym1_sUhv1a7XkDZVfnqv&amp;_nc_ohc=13ADtYdkFL4AX_xCrkz&amp;_nc_ht=scontent-qro1-1.xx&amp;oh=bb863d21fe2a4736580533887917a03b&amp;oe=5FB7B54B\" alt=\"Sin descripci\u00f3n disponible.\" \/><\/div>\n","protected":false},"excerpt":{"rendered":"<p>Como parte de las actividades del Instituto Municipal de la Mujer, el Gobierno de Nanchital que preside la Dra. Zoila Balderas Guzm\u00e1n realiz\u00f3 una brigada asistencial en el Ejido L\u00e1zaro C\u00e1rdenas, en la que se inform\u00f3 a las mujeres sobre el c\u00e1ncer de mama, adem\u00e1s de impartirse un taller de manualidades y cortes de cabello&hellip; <br \/> <a class=\"read-more\" href=\"https:\/\/www.nanchital.gob.mx\/wp-nanchital\/se-realiza-brigada-en-el-ejido-lazaro-cardenas\/\">Leer m\u00e1s<\/a><\/p>\n","protected":false},"author":7,"featured_media":11959,"comment_status":"closed","ping_status":"closed","sticky":false,"template":"","format":"standard","meta":{"footnotes":""},"categories":[4],"tags":[],"class_list":["post-11957","post","type-post","status-publish","format-standard","has-post-thumbnail","hentry","category-noticias"],"_links":{"self":[{"href":"https:\/\/www.nanchital.gob.mx\/wp-nanchital\/wp-json\/wp\/v2\/posts\/11957","targetHints":{"allow":["GET"]}}],"collection":[{"href":"https:\/\/www.nanchital.gob.mx\/wp-nanchital\/wp-json\/wp\/v2\/posts"}],"about":[{"href":"https:\/\/www.nanchital.gob.mx\/wp-nanchital\/wp-json\/wp\/v2\/types\/post"}],"author":[{"embeddable":true,"href":"https:\/\/www.nanchital.gob.mx\/wp-nanchital\/wp-json\/wp\/v2\/users\/7"}],"replies":[{"embeddable":true,"href":"https:\/\/www.nanchital.gob.mx\/wp-nanchital\/wp-json\/wp\/v2\/comments?post=11957"}],"version-history":[{"count":1,"href":"https:\/\/www.nanchital.gob.mx\/wp-nanchital\/wp-json\/wp\/v2\/posts\/11957\/revisions"}],"predecessor-version":[{"id":11960,"href":"https:\/\/www.nanchital.gob.mx\/wp-nanchital\/wp-json\/wp\/v2\/posts\/11957\/revisions\/11960"}],"wp:featuredmedia":[{"embeddable":true,"href":"https:\/\/www.nanchital.gob.mx\/wp-nanchital\/wp-json\/wp\/v2\/media\/11959"}],"wp:attachment":[{"href":"https:\/\/www.nanchital.gob.mx\/wp-nanchital\/wp-json\/wp\/v2\/media?parent=11957"}],"wp:term":[{"taxonomy":"category","embeddable":true,"href":"https:\/\/www.nanchital.gob.mx\/wp-nanchital\/wp-json\/wp\/v2\/categories?post=11957"},{"taxonomy":"post_tag","embeddable":true,"href":"https:\/\/www.nanchital.gob.mx\/wp-nanchital\/wp-json\/wp\/v2\/tags?post=11957"}],"curies":[{"name":"wp","href":"https:\/\/api.w.org\/{rel}","templated":true}]}}