{"id":11939,"date":"2020-10-22T11:34:45","date_gmt":"2020-10-22T17:34:45","guid":{"rendered":"http:\/\/www.nanchital.gob.mx\/?p=11939"},"modified":"2020-10-22T11:34:45","modified_gmt":"2020-10-22T17:34:45","slug":"se-realizara-jornada-de-sanitizacion-vehicular","status":"publish","type":"post","link":"https:\/\/www.nanchital.gob.mx\/wp-nanchital\/se-realizara-jornada-de-sanitizacion-vehicular\/","title":{"rendered":"Se realizar\u00e1 jornada de sanitizaci\u00f3n vehicular"},"content":{"rendered":"<div class=\"kvgmc6g5 cxmmr5t8 oygrvhab hcukyx3x c1et5uql\"><\/div>\n<div class=\"o9v6fnle cxmmr5t8 oygrvhab hcukyx3x c1et5uql\">Como una gesti\u00f3n del Gobierno Municipal que preside la Dra. Zoila Balderas Guzm\u00e1n para evitar la propagaci\u00f3n del coronavirus Covid-19, el pr\u00f3ximo s\u00e1bado 24 de octubre se realizar\u00e1 una jornada de sanitizaci\u00f3n vehicular para autos particulares de 10 y media de la ma\u00f1ana a 3 de la tarde en la entrada del parque Los Tulipanes, con el apoyo de la agencia Volkswagen<\/div>\n<p><img decoding=\"async\" class=\"nskh8ow2 idiwt2bm d2edcug0 dbpd2lw6\" src=\"https:\/\/scontent-qro1-1.xx.fbcdn.net\/v\/t1.15752-9\/122013424_2839895846253742_7071363263283910382_n.jpg?_nc_cat=106&amp;ccb=2&amp;_nc_sid=ae9488&amp;_nc_eui2=AeHXDTYlcDIY2-vs5GJyu_j9q8DSgtqb2dGrwNKC2pvZ0aPAENkNkbzBpDceLMKKnxL9Z34GQrvOCWmb1rZlfLOU&amp;_nc_ohc=V7QEzVOyjrYAX8eW2HP&amp;_nc_ht=scontent-qro1-1.xx&amp;oh=125030bddbff47a5edd37861bf136c82&amp;oe=5FB724DF\" alt=\"Sin descripci\u00f3n disponible.\" \/><\/p>\n","protected":false},"excerpt":{"rendered":"<p>Como una gesti\u00f3n del Gobierno Municipal que preside la Dra. Zoila Balderas Guzm\u00e1n para evitar la propagaci\u00f3n del coronavirus Covid-19, el pr\u00f3ximo s\u00e1bado 24 de octubre se realizar\u00e1 una jornada de sanitizaci\u00f3n vehicular para autos particulares de 10 y media de la ma\u00f1ana a 3 de la tarde en la entrada del parque Los Tulipanes,&hellip; <br \/> <a class=\"read-more\" href=\"https:\/\/www.nanchital.gob.mx\/wp-nanchital\/se-realizara-jornada-de-sanitizacion-vehicular\/\">Leer m\u00e1s<\/a><\/p>\n","protected":false},"author":7,"featured_media":11941,"comment_status":"closed","ping_status":"closed","sticky":false,"template":"","format":"standard","meta":{"footnotes":""},"categories":[4],"tags":[],"class_list":["post-11939","post","type-post","status-publish","format-standard","has-post-thumbnail","hentry","category-noticias"],"_links":{"self":[{"href":"https:\/\/www.nanchital.gob.mx\/wp-nanchital\/wp-json\/wp\/v2\/posts\/11939","targetHints":{"allow":["GET"]}}],"collection":[{"href":"https:\/\/www.nanchital.gob.mx\/wp-nanchital\/wp-json\/wp\/v2\/posts"}],"about":[{"href":"https:\/\/www.nanchital.gob.mx\/wp-nanchital\/wp-json\/wp\/v2\/types\/post"}],"author":[{"embeddable":true,"href":"https:\/\/www.nanchital.gob.mx\/wp-nanchital\/wp-json\/wp\/v2\/users\/7"}],"replies":[{"embeddable":true,"href":"https:\/\/www.nanchital.gob.mx\/wp-nanchital\/wp-json\/wp\/v2\/comments?post=11939"}],"version-history":[{"count":1,"href":"https:\/\/www.nanchital.gob.mx\/wp-nanchital\/wp-json\/wp\/v2\/posts\/11939\/revisions"}],"predecessor-version":[{"id":11942,"href":"https:\/\/www.nanchital.gob.mx\/wp-nanchital\/wp-json\/wp\/v2\/posts\/11939\/revisions\/11942"}],"wp:featuredmedia":[{"embeddable":true,"href":"https:\/\/www.nanchital.gob.mx\/wp-nanchital\/wp-json\/wp\/v2\/media\/11941"}],"wp:attachment":[{"href":"https:\/\/www.nanchital.gob.mx\/wp-nanchital\/wp-json\/wp\/v2\/media?parent=11939"}],"wp:term":[{"taxonomy":"category","embeddable":true,"href":"https:\/\/www.nanchital.gob.mx\/wp-nanchital\/wp-json\/wp\/v2\/categories?post=11939"},{"taxonomy":"post_tag","embeddable":true,"href":"https:\/\/www.nanchital.gob.mx\/wp-nanchital\/wp-json\/wp\/v2\/tags?post=11939"}],"curies":[{"name":"wp","href":"https:\/\/api.w.org\/{rel}","templated":true}]}}