{"id":11896,"date":"2020-10-20T10:49:04","date_gmt":"2020-10-20T16:49:04","guid":{"rendered":"http:\/\/www.nanchital.gob.mx\/?p=11896"},"modified":"2020-10-20T10:49:04","modified_gmt":"2020-10-20T16:49:04","slug":"conmemoran-cabo-de-ano-de-regidora-tercera","status":"publish","type":"post","link":"https:\/\/www.nanchital.gob.mx\/wp-nanchital\/conmemoran-cabo-de-ano-de-regidora-tercera\/","title":{"rendered":"Conmemoran cabo de a\u00f1o de Regidora Tercera"},"content":{"rendered":"<div class=\"o9v6fnle cxmmr5t8 oygrvhab hcukyx3x c1et5uql\">Personal del Gobierno Municipal que preside la Dra. Zoila Balderas Guzm\u00e1n realiz\u00f3 la conmemoraci\u00f3n del cabo de a\u00f1o de la partida de la se\u00f1ora Angelina Pang Aniceto (QEPD) ex regidora tercera, con un minuto de silencio en su memoria.<\/div>\n","protected":false},"excerpt":{"rendered":"<p>Personal del Gobierno Municipal que preside la Dra. Zoila Balderas Guzm\u00e1n realiz\u00f3 la conmemoraci\u00f3n del cabo de a\u00f1o de la partida de la se\u00f1ora Angelina Pang Aniceto (QEPD) ex regidora tercera, con un minuto de silencio en su memoria.<\/p>\n","protected":false},"author":7,"featured_media":11898,"comment_status":"closed","ping_status":"closed","sticky":false,"template":"","format":"standard","meta":{"footnotes":""},"categories":[4],"tags":[],"class_list":["post-11896","post","type-post","status-publish","format-standard","has-post-thumbnail","hentry","category-noticias"],"_links":{"self":[{"href":"https:\/\/www.nanchital.gob.mx\/wp-nanchital\/wp-json\/wp\/v2\/posts\/11896","targetHints":{"allow":["GET"]}}],"collection":[{"href":"https:\/\/www.nanchital.gob.mx\/wp-nanchital\/wp-json\/wp\/v2\/posts"}],"about":[{"href":"https:\/\/www.nanchital.gob.mx\/wp-nanchital\/wp-json\/wp\/v2\/types\/post"}],"author":[{"embeddable":true,"href":"https:\/\/www.nanchital.gob.mx\/wp-nanchital\/wp-json\/wp\/v2\/users\/7"}],"replies":[{"embeddable":true,"href":"https:\/\/www.nanchital.gob.mx\/wp-nanchital\/wp-json\/wp\/v2\/comments?post=11896"}],"version-history":[{"count":1,"href":"https:\/\/www.nanchital.gob.mx\/wp-nanchital\/wp-json\/wp\/v2\/posts\/11896\/revisions"}],"predecessor-version":[{"id":11899,"href":"https:\/\/www.nanchital.gob.mx\/wp-nanchital\/wp-json\/wp\/v2\/posts\/11896\/revisions\/11899"}],"wp:featuredmedia":[{"embeddable":true,"href":"https:\/\/www.nanchital.gob.mx\/wp-nanchital\/wp-json\/wp\/v2\/media\/11898"}],"wp:attachment":[{"href":"https:\/\/www.nanchital.gob.mx\/wp-nanchital\/wp-json\/wp\/v2\/media?parent=11896"}],"wp:term":[{"taxonomy":"category","embeddable":true,"href":"https:\/\/www.nanchital.gob.mx\/wp-nanchital\/wp-json\/wp\/v2\/categories?post=11896"},{"taxonomy":"post_tag","embeddable":true,"href":"https:\/\/www.nanchital.gob.mx\/wp-nanchital\/wp-json\/wp\/v2\/tags?post=11896"}],"curies":[{"name":"wp","href":"https:\/\/api.w.org\/{rel}","templated":true}]}}