{"id":11890,"date":"2020-10-19T11:43:04","date_gmt":"2020-10-19T17:43:04","guid":{"rendered":"http:\/\/www.nanchital.gob.mx\/?p=11890"},"modified":"2020-10-19T11:43:30","modified_gmt":"2020-10-19T17:43:30","slug":"se-realizan-platicas-informativas-sobre-el-cancer-de-mama","status":"publish","type":"post","link":"https:\/\/www.nanchital.gob.mx\/wp-nanchital\/se-realizan-platicas-informativas-sobre-el-cancer-de-mama\/","title":{"rendered":"Se realizan pl\u00e1ticas informativas sobre el c\u00e1ncer de mama"},"content":{"rendered":"<p>Como parte de la conmemoraci\u00f3n del D\u00eda Mundial contra el C\u00e1ncer de mama, el Gobierno Municipal que preside la Dra. Zoila Balderas Guzm\u00e1n llev\u00f3 a cabo una serie de pl\u00e1ticas informativas en dirigidas al personal femenino sindicalizadas y de confianza del Ayuntamiento. En dichas pl\u00e1ticas coordinadas por el Instituto de la Mujer y la Direcci\u00f3n de Salud Municipal, se cont\u00f3 con el testimonio de una ciudadana que padeci\u00f3 c\u00e1ncer de mama, la se\u00f1ora Mar\u00eda Eulalia Zetina Hip\u00f3lito, quien comparti\u00f3 su experiencia de sobrevivir a dicha enfermedad. \u201cNo hay que dejar de cuidarnos, es muy importante auto explorarnos para detectar anomal\u00edas en nuestros senos, las invito a que si no entienden bien como hacerse el examen acudir al m\u00e9dico o a los hospitales para que les orienten, adem\u00e1s de estarse checando peri\u00f3dicamente para detectar la enfermedad a tiempo\u201d coment\u00f3 a las asistentes la alcaldesa Dra. Zoila Balderas Guzm\u00e1n.<\/p>\n<p><img decoding=\"async\" class=\"nskh8ow2 idiwt2bm d2edcug0 dbpd2lw6\" src=\"https:\/\/scontent-qro1-1.xx.fbcdn.net\/v\/t1.15752-9\/121971317_2680005668928995_1129570324805059372_n.jpg?_nc_cat=108&amp;_nc_sid=ae9488&amp;_nc_eui2=AeFUNvNA3I0BT9DfPqzQd1jjcLiWgKXJAm9wuJaApckCb0xaxdQsIZhbESdT0N5Y0ILRzYbhl8aImwuOs_JVhtuC&amp;_nc_ohc=_NejQQpXg8wAX-uUyzD&amp;_nc_ht=scontent-qro1-1.xx&amp;oh=bfc9b69e8583b112b2f909b8d2fad180&amp;oe=5FB2C310\" alt=\"Sin descripci\u00f3n disponible.\" \/><\/p>\n<p>&nbsp;<\/p>\n","protected":false},"excerpt":{"rendered":"<p>Como parte de la conmemoraci\u00f3n del D\u00eda Mundial contra el C\u00e1ncer de mama, el Gobierno Municipal que preside la Dra. Zoila Balderas Guzm\u00e1n llev\u00f3 a cabo una serie de pl\u00e1ticas informativas en dirigidas al personal femenino sindicalizadas y de confianza del Ayuntamiento. En dichas pl\u00e1ticas coordinadas por el Instituto de la Mujer y la Direcci\u00f3n&hellip; <br \/> <a class=\"read-more\" href=\"https:\/\/www.nanchital.gob.mx\/wp-nanchital\/se-realizan-platicas-informativas-sobre-el-cancer-de-mama\/\">Leer m\u00e1s<\/a><\/p>\n","protected":false},"author":7,"featured_media":11892,"comment_status":"closed","ping_status":"closed","sticky":false,"template":"","format":"standard","meta":{"footnotes":""},"categories":[4],"tags":[],"class_list":["post-11890","post","type-post","status-publish","format-standard","has-post-thumbnail","hentry","category-noticias"],"_links":{"self":[{"href":"https:\/\/www.nanchital.gob.mx\/wp-nanchital\/wp-json\/wp\/v2\/posts\/11890","targetHints":{"allow":["GET"]}}],"collection":[{"href":"https:\/\/www.nanchital.gob.mx\/wp-nanchital\/wp-json\/wp\/v2\/posts"}],"about":[{"href":"https:\/\/www.nanchital.gob.mx\/wp-nanchital\/wp-json\/wp\/v2\/types\/post"}],"author":[{"embeddable":true,"href":"https:\/\/www.nanchital.gob.mx\/wp-nanchital\/wp-json\/wp\/v2\/users\/7"}],"replies":[{"embeddable":true,"href":"https:\/\/www.nanchital.gob.mx\/wp-nanchital\/wp-json\/wp\/v2\/comments?post=11890"}],"version-history":[{"count":2,"href":"https:\/\/www.nanchital.gob.mx\/wp-nanchital\/wp-json\/wp\/v2\/posts\/11890\/revisions"}],"predecessor-version":[{"id":11894,"href":"https:\/\/www.nanchital.gob.mx\/wp-nanchital\/wp-json\/wp\/v2\/posts\/11890\/revisions\/11894"}],"wp:featuredmedia":[{"embeddable":true,"href":"https:\/\/www.nanchital.gob.mx\/wp-nanchital\/wp-json\/wp\/v2\/media\/11892"}],"wp:attachment":[{"href":"https:\/\/www.nanchital.gob.mx\/wp-nanchital\/wp-json\/wp\/v2\/media?parent=11890"}],"wp:term":[{"taxonomy":"category","embeddable":true,"href":"https:\/\/www.nanchital.gob.mx\/wp-nanchital\/wp-json\/wp\/v2\/categories?post=11890"},{"taxonomy":"post_tag","embeddable":true,"href":"https:\/\/www.nanchital.gob.mx\/wp-nanchital\/wp-json\/wp\/v2\/tags?post=11890"}],"curies":[{"name":"wp","href":"https:\/\/api.w.org\/{rel}","templated":true}]}}