{"id":11875,"date":"2020-10-16T07:54:38","date_gmt":"2020-10-16T13:54:38","guid":{"rendered":"http:\/\/www.nanchital.gob.mx\/?p=11875"},"modified":"2020-10-16T07:54:38","modified_gmt":"2020-10-16T13:54:38","slug":"se-firma-convenio-especifico-para-la-elaboracion-de-programas-de-desarrollo-urbano-municipales-con-sedesol","status":"publish","type":"post","link":"https:\/\/www.nanchital.gob.mx\/wp-nanchital\/se-firma-convenio-especifico-para-la-elaboracion-de-programas-de-desarrollo-urbano-municipales-con-sedesol\/","title":{"rendered":"Se firma Convenio Espec\u00edfico para la elaboraci\u00f3n de Programas de Desarrollo Urbano Municipales con SEDESOL"},"content":{"rendered":"<p>Gracias a las gestiones del Gobierno Municipal que preside la Dra. Zoila Balderas Guzm\u00e1n, se firm\u00f3 el Convenio Espec\u00edfico para la elaboraci\u00f3n de Programas de Desarrollo Urbano Municipales con la Secretar\u00eda de Desarrollo Social del Estado de Veracruz. Con estos programas municipales se busca regular la planeaci\u00f3n y programaci\u00f3n del desarrollo de vivienda, medio ambiente, uso de agua, tierra y destinos del suelo, equipamiento urbano e infraestructura, propiciando al mismo tiempo mejores condiciones de vida para los habitantes. Nanchital fue considerado por pertenecer a la zona del Istmo de Tehuantepec, donde est\u00e1 en curso el Proyecto del Corredor Trans\u00edstmico, con el que se espera tener un correcto desarrollo urbano, ordenamiento territorial y el control del uso del suelo.<\/p>\n<p><img decoding=\"async\" class=\"nskh8ow2 idiwt2bm d2edcug0 dbpd2lw6\" src=\"https:\/\/scontent.fmtt1-1.fna.fbcdn.net\/v\/t1.15752-9\/121786664_379114076452160_5964166651426760708_n.jpg?_nc_cat=110&amp;_nc_sid=ae9488&amp;_nc_eui2=AeHcG5GWq049fplZbubnc3TlpzVujj2mv0inNW6OPaa_SHR5Iv8C6CqXCivIn_6uCxrR0PxEHqjFeTKOSbYJXO9g&amp;_nc_ohc=onaLwP8wfKUAX-8sNKK&amp;_nc_ht=scontent.fmtt1-1.fna&amp;oh=53fbc0541e49286cf67f571ec1b63cb8&amp;oe=5FAD61A2\" alt=\"Sin descripci\u00f3n disponible.\" \/><\/p>\n","protected":false},"excerpt":{"rendered":"<p>Gracias a las gestiones del Gobierno Municipal que preside la Dra. Zoila Balderas Guzm\u00e1n, se firm\u00f3 el Convenio Espec\u00edfico para la elaboraci\u00f3n de Programas de Desarrollo Urbano Municipales con la Secretar\u00eda de Desarrollo Social del Estado de Veracruz. Con estos programas municipales se busca regular la planeaci\u00f3n y programaci\u00f3n del desarrollo de vivienda, medio ambiente,&hellip; <br \/> <a class=\"read-more\" href=\"https:\/\/www.nanchital.gob.mx\/wp-nanchital\/se-firma-convenio-especifico-para-la-elaboracion-de-programas-de-desarrollo-urbano-municipales-con-sedesol\/\">Leer m\u00e1s<\/a><\/p>\n","protected":false},"author":7,"featured_media":11877,"comment_status":"closed","ping_status":"closed","sticky":false,"template":"","format":"standard","meta":{"footnotes":""},"categories":[4],"tags":[],"class_list":["post-11875","post","type-post","status-publish","format-standard","has-post-thumbnail","hentry","category-noticias"],"_links":{"self":[{"href":"https:\/\/www.nanchital.gob.mx\/wp-nanchital\/wp-json\/wp\/v2\/posts\/11875","targetHints":{"allow":["GET"]}}],"collection":[{"href":"https:\/\/www.nanchital.gob.mx\/wp-nanchital\/wp-json\/wp\/v2\/posts"}],"about":[{"href":"https:\/\/www.nanchital.gob.mx\/wp-nanchital\/wp-json\/wp\/v2\/types\/post"}],"author":[{"embeddable":true,"href":"https:\/\/www.nanchital.gob.mx\/wp-nanchital\/wp-json\/wp\/v2\/users\/7"}],"replies":[{"embeddable":true,"href":"https:\/\/www.nanchital.gob.mx\/wp-nanchital\/wp-json\/wp\/v2\/comments?post=11875"}],"version-history":[{"count":1,"href":"https:\/\/www.nanchital.gob.mx\/wp-nanchital\/wp-json\/wp\/v2\/posts\/11875\/revisions"}],"predecessor-version":[{"id":11878,"href":"https:\/\/www.nanchital.gob.mx\/wp-nanchital\/wp-json\/wp\/v2\/posts\/11875\/revisions\/11878"}],"wp:featuredmedia":[{"embeddable":true,"href":"https:\/\/www.nanchital.gob.mx\/wp-nanchital\/wp-json\/wp\/v2\/media\/11877"}],"wp:attachment":[{"href":"https:\/\/www.nanchital.gob.mx\/wp-nanchital\/wp-json\/wp\/v2\/media?parent=11875"}],"wp:term":[{"taxonomy":"category","embeddable":true,"href":"https:\/\/www.nanchital.gob.mx\/wp-nanchital\/wp-json\/wp\/v2\/categories?post=11875"},{"taxonomy":"post_tag","embeddable":true,"href":"https:\/\/www.nanchital.gob.mx\/wp-nanchital\/wp-json\/wp\/v2\/tags?post=11875"}],"curies":[{"name":"wp","href":"https:\/\/api.w.org\/{rel}","templated":true}]}}