{"id":11820,"date":"2020-10-13T11:03:49","date_gmt":"2020-10-13T17:03:49","guid":{"rendered":"http:\/\/www.nanchital.gob.mx\/?p=11820"},"modified":"2020-10-13T11:17:36","modified_gmt":"2020-10-13T17:17:36","slug":"se-invita-a-la-ciudadania-a-participar-en-actividades-por-dia-de-muertos","status":"publish","type":"post","link":"https:\/\/www.nanchital.gob.mx\/wp-nanchital\/se-invita-a-la-ciudadania-a-participar-en-actividades-por-dia-de-muertos\/","title":{"rendered":"Se invita a la ciudadan\u00eda a participar en actividades por D\u00eda de Muertos"},"content":{"rendered":"<div class=\"o9v6fnle cxmmr5t8 oygrvhab hcukyx3x c1et5uql\">Para la tradicional celebraci\u00f3n de D\u00eda de Muertos, el Gobierno Municipal que preside la Dra. Zoila Balderas Guzm\u00e1n invita a la ciudadan\u00eda a participar en dos actividades, la primera enviar fotograf\u00edas de sus familiares para ser colocadas en el altar municipal y la segunda ganar premios por el montaje de altares en sus casas.<\/div>\n<div><\/div>\n<div class=\"o9v6fnle cxmmr5t8 oygrvhab hcukyx3x c1et5uql\">Para participar en el<strong> \u201csorteo por el d\u00eda de los santos y fieles difuntos\u201d que habr\u00e1 de realizarse de manera virtual el d\u00eda 1\u00ba de noviembre a las 19:00 horas a trav\u00e9s de la P\u00e1gina Oficial del H. Ayuntamiento Municipal<\/strong>, deber\u00e1n enviar una fotograf\u00eda del altar, seguido de una peque\u00f1a rese\u00f1a; al n\u00famero de tel\u00e9fono de atenci\u00f3n ciudadana del H. Ayuntamiento de Nanchital <strong>921 200 2128 (WhatsApp)<\/strong> con su <strong>Nombre completo, tel\u00e9fono y direcci\u00f3n, siendo la fecha l\u00edmite hasta el d\u00eda 1\u00ba de noviembre a las 12:00 a.m. S\u00f3lo podr\u00e1n participar habitantes de Nanchital, su ejido y Congregaciones.<\/strong><\/div>\n<div><\/div>\n<div class=\"o9v6fnle cxmmr5t8 oygrvhab hcukyx3x c1et5uql\">Se premiar\u00e1n a 20 altares, quienes ser\u00e1n acreedores a 10 tamales, 2 litros de champurrado y pan de muerto, los cuales ser\u00e1n comprados a comerciantes de Nanchital para apoyar la econom\u00eda local y entregados a los ganadores en sus domicilios, para confirmar la existencia del altar. As\u00ed mismo para rendirle un homenaje p\u00f3stumo en el Altar Tradicional a las personas que fallecieron en este 2020, se solicita la valiosa participaci\u00f3n de la sociedad, para que oportunamente env\u00eden una fotograf\u00eda con el nombre de su ser querido al correo electr\u00f3nico <strong>educ_nanchital@hotmail.com antes del 25 de octubre<\/strong>, para que en su memoria los recordemos este 1 y 2 de noviembre.<\/div>\n<div><\/div>\n<div><img decoding=\"async\" class=\"nskh8ow2 idiwt2bm d2edcug0 dbpd2lw6\" src=\"https:\/\/scontent-qro1-1.xx.fbcdn.net\/v\/t1.15752-9\/121105149_704747757063126_696802259923682943_n.jpg?_nc_cat=106&amp;_nc_sid=ae9488&amp;_nc_eui2=AeFnt3nGH8flJjSznt4c9ICQpkUQj_YNj26mRRCP9g2PbkXyPFQeU5dm7cbJu0eJbXZl9SgIe_iuIPaZ_BCsWO65&amp;_nc_ohc=qOQR3L_R8kIAX_rN4aP&amp;_nc_ht=scontent-qro1-1.xx&amp;oh=23a6ab3a177fc29c8997308f03edb5eb&amp;oe=5FA9DA02\" alt=\"Sin descripci\u00f3n disponible.\" \/><\/div>\n<div><\/div>\n<div><img decoding=\"async\" class=\"nskh8ow2 idiwt2bm d2edcug0 dbpd2lw6\" src=\"https:\/\/scontent-qro1-1.xx.fbcdn.net\/v\/t1.15752-9\/121602885_360926768442722_160641174488211656_n.jpg?_nc_cat=103&amp;_nc_sid=ae9488&amp;_nc_eui2=AeE6xHUMDotCqOl32f9MuSDc3ULPW-m5Vl3dQs9b6blWXUim7c5MBoILpk2U_U4upno7i2aslJQUEjvPxxJ_lVWZ&amp;_nc_ohc=skdR5df8og8AX-U8FPc&amp;_nc_ht=scontent-qro1-1.xx&amp;oh=dc24680a525a64e396bf24677c631aa1&amp;oe=5FA9E730\" alt=\"Sin descripci\u00f3n disponible.\" \/><\/div>\n","protected":false},"excerpt":{"rendered":"<p>Para la tradicional celebraci\u00f3n de D\u00eda de Muertos, el Gobierno Municipal que preside la Dra. Zoila Balderas Guzm\u00e1n invita a la ciudadan\u00eda a participar en dos actividades, la primera enviar fotograf\u00edas de sus familiares para ser colocadas en el altar municipal y la segunda ganar premios por el montaje de altares en sus casas. Para&hellip; <br \/> <a class=\"read-more\" href=\"https:\/\/www.nanchital.gob.mx\/wp-nanchital\/se-invita-a-la-ciudadania-a-participar-en-actividades-por-dia-de-muertos\/\">Leer m\u00e1s<\/a><\/p>\n","protected":false},"author":7,"featured_media":11823,"comment_status":"closed","ping_status":"closed","sticky":false,"template":"","format":"standard","meta":{"footnotes":""},"categories":[4],"tags":[],"class_list":["post-11820","post","type-post","status-publish","format-standard","has-post-thumbnail","hentry","category-noticias"],"_links":{"self":[{"href":"https:\/\/www.nanchital.gob.mx\/wp-nanchital\/wp-json\/wp\/v2\/posts\/11820","targetHints":{"allow":["GET"]}}],"collection":[{"href":"https:\/\/www.nanchital.gob.mx\/wp-nanchital\/wp-json\/wp\/v2\/posts"}],"about":[{"href":"https:\/\/www.nanchital.gob.mx\/wp-nanchital\/wp-json\/wp\/v2\/types\/post"}],"author":[{"embeddable":true,"href":"https:\/\/www.nanchital.gob.mx\/wp-nanchital\/wp-json\/wp\/v2\/users\/7"}],"replies":[{"embeddable":true,"href":"https:\/\/www.nanchital.gob.mx\/wp-nanchital\/wp-json\/wp\/v2\/comments?post=11820"}],"version-history":[{"count":4,"href":"https:\/\/www.nanchital.gob.mx\/wp-nanchital\/wp-json\/wp\/v2\/posts\/11820\/revisions"}],"predecessor-version":[{"id":11829,"href":"https:\/\/www.nanchital.gob.mx\/wp-nanchital\/wp-json\/wp\/v2\/posts\/11820\/revisions\/11829"}],"wp:featuredmedia":[{"embeddable":true,"href":"https:\/\/www.nanchital.gob.mx\/wp-nanchital\/wp-json\/wp\/v2\/media\/11823"}],"wp:attachment":[{"href":"https:\/\/www.nanchital.gob.mx\/wp-nanchital\/wp-json\/wp\/v2\/media?parent=11820"}],"wp:term":[{"taxonomy":"category","embeddable":true,"href":"https:\/\/www.nanchital.gob.mx\/wp-nanchital\/wp-json\/wp\/v2\/categories?post=11820"},{"taxonomy":"post_tag","embeddable":true,"href":"https:\/\/www.nanchital.gob.mx\/wp-nanchital\/wp-json\/wp\/v2\/tags?post=11820"}],"curies":[{"name":"wp","href":"https:\/\/api.w.org\/{rel}","templated":true}]}}