{"id":11790,"date":"2020-10-07T14:47:17","date_gmt":"2020-10-07T20:47:17","guid":{"rendered":"http:\/\/www.nanchital.gob.mx\/?p=11790"},"modified":"2020-10-07T14:47:17","modified_gmt":"2020-10-07T20:47:17","slug":"se-realiza-censo-y-entrega-de-apoyos-en-el-ejido-lazaro-cardenas","status":"publish","type":"post","link":"https:\/\/www.nanchital.gob.mx\/wp-nanchital\/se-realiza-censo-y-entrega-de-apoyos-en-el-ejido-lazaro-cardenas\/","title":{"rendered":"Se realiza censo y entrega de apoyos en el Ejido L\u00e1zaro C\u00e1rdenas"},"content":{"rendered":"<div class=\"o9v6fnle cxmmr5t8 oygrvhab hcukyx3x c1et5uql\">El Gobierno Municipal que preside la Dra. Zoila Balderas Guzm\u00e1n, realiz\u00f3 una censo de necesidades en el Ejido L\u00e1zaro C\u00e1rdenas adem\u00e1s de entregar gel antibacterial, informaci\u00f3n sobre el c\u00e1ncer de mama y obsequiar ceviche de soya para promover los pr\u00f3ximos talleres que se llevar\u00e1n a cabo para beneficio de los habitantes del ejido, esta actividad fue coordinada por Desarrollo Social y el Instituto Municipal de la Mujer.<\/div>\n<div><\/div>\n<div><img decoding=\"async\" class=\"nskh8ow2 idiwt2bm d2edcug0 dbpd2lw6\" src=\"https:\/\/scontent-qro1-1.xx.fbcdn.net\/v\/t1.15752-9\/120837070_260722718564807_7512984334774703775_n.jpg?_nc_cat=100&amp;_nc_sid=ae9488&amp;_nc_eui2=AeEYyvTtvj9S1Sjb1aZ4K8mumiv8Z6_mZfiaK_xnr-Zl-Jg4lVulUP1wc78k0CVPF4ahbh-lZ9PSlDkIzv1lDTnB&amp;_nc_ohc=NLnEzC4LYRcAX-xWfGb&amp;_nc_ht=scontent-qro1-1.xx&amp;oh=b19417ce8812c213b058572db1c5dabb&amp;oe=5FA5AAF5\" alt=\"Sin descripci\u00f3n disponible.\" \/><\/div>\n","protected":false},"excerpt":{"rendered":"<p>El Gobierno Municipal que preside la Dra. Zoila Balderas Guzm\u00e1n, realiz\u00f3 una censo de necesidades en el Ejido L\u00e1zaro C\u00e1rdenas adem\u00e1s de entregar gel antibacterial, informaci\u00f3n sobre el c\u00e1ncer de mama y obsequiar ceviche de soya para promover los pr\u00f3ximos talleres que se llevar\u00e1n a cabo para beneficio de los habitantes del ejido, esta actividad&hellip; <br \/> <a class=\"read-more\" href=\"https:\/\/www.nanchital.gob.mx\/wp-nanchital\/se-realiza-censo-y-entrega-de-apoyos-en-el-ejido-lazaro-cardenas\/\">Leer m\u00e1s<\/a><\/p>\n","protected":false},"author":7,"featured_media":11792,"comment_status":"closed","ping_status":"closed","sticky":false,"template":"","format":"standard","meta":{"footnotes":""},"categories":[4],"tags":[],"class_list":["post-11790","post","type-post","status-publish","format-standard","has-post-thumbnail","hentry","category-noticias"],"_links":{"self":[{"href":"https:\/\/www.nanchital.gob.mx\/wp-nanchital\/wp-json\/wp\/v2\/posts\/11790","targetHints":{"allow":["GET"]}}],"collection":[{"href":"https:\/\/www.nanchital.gob.mx\/wp-nanchital\/wp-json\/wp\/v2\/posts"}],"about":[{"href":"https:\/\/www.nanchital.gob.mx\/wp-nanchital\/wp-json\/wp\/v2\/types\/post"}],"author":[{"embeddable":true,"href":"https:\/\/www.nanchital.gob.mx\/wp-nanchital\/wp-json\/wp\/v2\/users\/7"}],"replies":[{"embeddable":true,"href":"https:\/\/www.nanchital.gob.mx\/wp-nanchital\/wp-json\/wp\/v2\/comments?post=11790"}],"version-history":[{"count":1,"href":"https:\/\/www.nanchital.gob.mx\/wp-nanchital\/wp-json\/wp\/v2\/posts\/11790\/revisions"}],"predecessor-version":[{"id":11793,"href":"https:\/\/www.nanchital.gob.mx\/wp-nanchital\/wp-json\/wp\/v2\/posts\/11790\/revisions\/11793"}],"wp:featuredmedia":[{"embeddable":true,"href":"https:\/\/www.nanchital.gob.mx\/wp-nanchital\/wp-json\/wp\/v2\/media\/11792"}],"wp:attachment":[{"href":"https:\/\/www.nanchital.gob.mx\/wp-nanchital\/wp-json\/wp\/v2\/media?parent=11790"}],"wp:term":[{"taxonomy":"category","embeddable":true,"href":"https:\/\/www.nanchital.gob.mx\/wp-nanchital\/wp-json\/wp\/v2\/categories?post=11790"},{"taxonomy":"post_tag","embeddable":true,"href":"https:\/\/www.nanchital.gob.mx\/wp-nanchital\/wp-json\/wp\/v2\/tags?post=11790"}],"curies":[{"name":"wp","href":"https:\/\/api.w.org\/{rel}","templated":true}]}}