{"id":11786,"date":"2020-10-07T13:53:59","date_gmt":"2020-10-07T19:53:59","guid":{"rendered":"http:\/\/www.nanchital.gob.mx\/?p=11786"},"modified":"2020-10-07T13:53:59","modified_gmt":"2020-10-07T19:53:59","slug":"nanchital-participara-en-el-concurso-nacional-de-cine-retodocs","status":"publish","type":"post","link":"https:\/\/www.nanchital.gob.mx\/wp-nanchital\/nanchital-participara-en-el-concurso-nacional-de-cine-retodocs\/","title":{"rendered":"Nanchital participar\u00e1 en el Concurso Nacional de Cine RetoDocs"},"content":{"rendered":"<div class=\"o9v6fnle cxmmr5t8 oygrvhab hcukyx3x c1et5uql\">J\u00f3venes productores cinematogr\u00e1ficos de Nanchital participar\u00e1n del 9 al 13 de Octubre en el Concurso Nacional de Cine Documental RetoDocs, por lo que el Gobierno Municipal que preside la Dra. Zoila Balderas Guzm\u00e1n, brindar\u00e1 apoyo y todas las facilidades para que se realice un cortometraje documental en el municipio.<\/div>\n<div class=\"o9v6fnle cxmmr5t8 oygrvhab hcukyx3x c1et5uql\">El reto de este concurso es el de hacer un cortometraje documental con tema a\u00fan no definido en 100 horas contemplando la grabaci\u00f3n, edici\u00f3n, subt\u00edtulos y el detr\u00e1s de c\u00e1maras del mismo, donde competir\u00e1n con m\u00e1s de 180 proyectos que se realizar\u00e1n de manera simult\u00e1nea en todo el pa\u00eds.<\/div>\n<div class=\"o9v6fnle cxmmr5t8 oygrvhab hcukyx3x c1et5uql\">&#8220;Sabemos que van a hacer un excelente papel representando a Nanchital en este concurso nacional, es bueno que los j\u00f3venes demuestren su talento y que el nombre de nuestro municipio se reconozca por su gente creativa&#8221; coment\u00f3 la alcaldesa Dra. Zoila Balderas Guzm\u00e1n.<\/div>\n","protected":false},"excerpt":{"rendered":"<p>J\u00f3venes productores cinematogr\u00e1ficos de Nanchital participar\u00e1n del 9 al 13 de Octubre en el Concurso Nacional de Cine Documental RetoDocs, por lo que el Gobierno Municipal que preside la Dra. Zoila Balderas Guzm\u00e1n, brindar\u00e1 apoyo y todas las facilidades para que se realice un cortometraje documental en el municipio. El reto de este concurso es&hellip; <br \/> <a class=\"read-more\" href=\"https:\/\/www.nanchital.gob.mx\/wp-nanchital\/nanchital-participara-en-el-concurso-nacional-de-cine-retodocs\/\">Leer m\u00e1s<\/a><\/p>\n","protected":false},"author":7,"featured_media":11788,"comment_status":"closed","ping_status":"closed","sticky":false,"template":"","format":"standard","meta":{"footnotes":""},"categories":[4],"tags":[],"class_list":["post-11786","post","type-post","status-publish","format-standard","has-post-thumbnail","hentry","category-noticias"],"_links":{"self":[{"href":"https:\/\/www.nanchital.gob.mx\/wp-nanchital\/wp-json\/wp\/v2\/posts\/11786","targetHints":{"allow":["GET"]}}],"collection":[{"href":"https:\/\/www.nanchital.gob.mx\/wp-nanchital\/wp-json\/wp\/v2\/posts"}],"about":[{"href":"https:\/\/www.nanchital.gob.mx\/wp-nanchital\/wp-json\/wp\/v2\/types\/post"}],"author":[{"embeddable":true,"href":"https:\/\/www.nanchital.gob.mx\/wp-nanchital\/wp-json\/wp\/v2\/users\/7"}],"replies":[{"embeddable":true,"href":"https:\/\/www.nanchital.gob.mx\/wp-nanchital\/wp-json\/wp\/v2\/comments?post=11786"}],"version-history":[{"count":1,"href":"https:\/\/www.nanchital.gob.mx\/wp-nanchital\/wp-json\/wp\/v2\/posts\/11786\/revisions"}],"predecessor-version":[{"id":11789,"href":"https:\/\/www.nanchital.gob.mx\/wp-nanchital\/wp-json\/wp\/v2\/posts\/11786\/revisions\/11789"}],"wp:featuredmedia":[{"embeddable":true,"href":"https:\/\/www.nanchital.gob.mx\/wp-nanchital\/wp-json\/wp\/v2\/media\/11788"}],"wp:attachment":[{"href":"https:\/\/www.nanchital.gob.mx\/wp-nanchital\/wp-json\/wp\/v2\/media?parent=11786"}],"wp:term":[{"taxonomy":"category","embeddable":true,"href":"https:\/\/www.nanchital.gob.mx\/wp-nanchital\/wp-json\/wp\/v2\/categories?post=11786"},{"taxonomy":"post_tag","embeddable":true,"href":"https:\/\/www.nanchital.gob.mx\/wp-nanchital\/wp-json\/wp\/v2\/tags?post=11786"}],"curies":[{"name":"wp","href":"https:\/\/api.w.org\/{rel}","templated":true}]}}