{"id":11759,"date":"2020-10-06T11:30:51","date_gmt":"2020-10-06T17:30:51","guid":{"rendered":"http:\/\/www.nanchital.gob.mx\/?p=11759"},"modified":"2020-10-06T11:30:51","modified_gmt":"2020-10-06T17:30:51","slug":"se-inaugura-obra-de-la-calle-san-javier-en-la-colonia-guadalupe-tepeyac","status":"publish","type":"post","link":"https:\/\/www.nanchital.gob.mx\/wp-nanchital\/se-inaugura-obra-de-la-calle-san-javier-en-la-colonia-guadalupe-tepeyac\/","title":{"rendered":"Se inaugura obra de la calle San Javier en la colonia Guadalupe Tepeyac"},"content":{"rendered":"<p>En atenci\u00f3n a una solicitud realizada por los padres de familia de las escuelas Carolina Carre\u00f3n, Jos\u00e9 Mar\u00eda Morelos, el Centro de Atenci\u00f3n M\u00faltiple No. 48 y el Club de Nataci\u00f3n Delfines, el Gobierno Municipal que preside la Dra. Zoila Balderas Guzm\u00e1n inaugur\u00f3 la obra de construcci\u00f3n de guarniciones, banquetas y pavimentaci\u00f3n con concreto hidr\u00e1ulico en la calle San Javier entre calle San Antonio y calle San Fernando en la colonia Guadalupe Tepeyac. En esta importante obra se construy\u00f3 un carril nuevo, la banqueta, se coloc\u00f3 un reductor de velocidad, una rampa para discapacitados, la se\u00f1al\u00e9tica de zona escolar, adem\u00e1s de habilitarse el camell\u00f3n con iluminaci\u00f3n de leds, todo esto con el objetivo de mejorar la urbanizaci\u00f3n, as\u00ed como brindar de mayor seguridad a los estudiantes y los vecinos. \u201cHemos cumplido un compromiso de campa\u00f1a beneficiando a cerca de 15 mil personas que transitan en dicha zona escolar y que acude al IVEA, CAEV y la Fiscal\u00eda, en el momento en que las condiciones permitan que los ni\u00f1os vuelvan a la escuela tendr\u00e1n mayor seguridad para ingresar a sus aulas, las condiciones siguen siendo complicadas por la pandemia, pero vamos a trabajar duro para continuar cumpliendo a Nanchital\u201d afirm\u00f3 la alcaldesa, Dra. Zoila Balderas Guzm\u00e1n.<\/p>\n","protected":false},"excerpt":{"rendered":"<p>En atenci\u00f3n a una solicitud realizada por los padres de familia de las escuelas Carolina Carre\u00f3n, Jos\u00e9 Mar\u00eda Morelos, el Centro de Atenci\u00f3n M\u00faltiple No. 48 y el Club de Nataci\u00f3n Delfines, el Gobierno Municipal que preside la Dra. Zoila Balderas Guzm\u00e1n inaugur\u00f3 la obra de construcci\u00f3n de guarniciones, banquetas y pavimentaci\u00f3n con concreto hidr\u00e1ulico&hellip; <br \/> <a class=\"read-more\" href=\"https:\/\/www.nanchital.gob.mx\/wp-nanchital\/se-inaugura-obra-de-la-calle-san-javier-en-la-colonia-guadalupe-tepeyac\/\">Leer m\u00e1s<\/a><\/p>\n","protected":false},"author":7,"featured_media":11761,"comment_status":"closed","ping_status":"closed","sticky":false,"template":"","format":"standard","meta":{"footnotes":""},"categories":[4],"tags":[],"class_list":["post-11759","post","type-post","status-publish","format-standard","has-post-thumbnail","hentry","category-noticias"],"_links":{"self":[{"href":"https:\/\/www.nanchital.gob.mx\/wp-nanchital\/wp-json\/wp\/v2\/posts\/11759","targetHints":{"allow":["GET"]}}],"collection":[{"href":"https:\/\/www.nanchital.gob.mx\/wp-nanchital\/wp-json\/wp\/v2\/posts"}],"about":[{"href":"https:\/\/www.nanchital.gob.mx\/wp-nanchital\/wp-json\/wp\/v2\/types\/post"}],"author":[{"embeddable":true,"href":"https:\/\/www.nanchital.gob.mx\/wp-nanchital\/wp-json\/wp\/v2\/users\/7"}],"replies":[{"embeddable":true,"href":"https:\/\/www.nanchital.gob.mx\/wp-nanchital\/wp-json\/wp\/v2\/comments?post=11759"}],"version-history":[{"count":1,"href":"https:\/\/www.nanchital.gob.mx\/wp-nanchital\/wp-json\/wp\/v2\/posts\/11759\/revisions"}],"predecessor-version":[{"id":11762,"href":"https:\/\/www.nanchital.gob.mx\/wp-nanchital\/wp-json\/wp\/v2\/posts\/11759\/revisions\/11762"}],"wp:featuredmedia":[{"embeddable":true,"href":"https:\/\/www.nanchital.gob.mx\/wp-nanchital\/wp-json\/wp\/v2\/media\/11761"}],"wp:attachment":[{"href":"https:\/\/www.nanchital.gob.mx\/wp-nanchital\/wp-json\/wp\/v2\/media?parent=11759"}],"wp:term":[{"taxonomy":"category","embeddable":true,"href":"https:\/\/www.nanchital.gob.mx\/wp-nanchital\/wp-json\/wp\/v2\/categories?post=11759"},{"taxonomy":"post_tag","embeddable":true,"href":"https:\/\/www.nanchital.gob.mx\/wp-nanchital\/wp-json\/wp\/v2\/tags?post=11759"}],"curies":[{"name":"wp","href":"https:\/\/api.w.org\/{rel}","templated":true}]}}