{"id":11753,"date":"2020-10-05T15:02:40","date_gmt":"2020-10-05T21:02:40","guid":{"rendered":"http:\/\/www.nanchital.gob.mx\/?p=11753"},"modified":"2020-10-05T15:02:40","modified_gmt":"2020-10-05T21:02:40","slug":"arranca-renovacion-del-programa-permanente-de-embellecimiento-de-la-ciudad","status":"publish","type":"post","link":"https:\/\/www.nanchital.gob.mx\/wp-nanchital\/arranca-renovacion-del-programa-permanente-de-embellecimiento-de-la-ciudad\/","title":{"rendered":"Arranca renovaci\u00f3n del Programa Permanente de Embellecimiento de la Ciudad"},"content":{"rendered":"<div class=\"o9v6fnle cxmmr5t8 oygrvhab hcukyx3x c1et5uql\">Como una forma de brindarle un mantenimiento m\u00e1s \u00f3ptimo a las \u00e1reas verdes del municipio, el Gobierno de Nanchital que preside la Dra. Zoila Balderas Guzm\u00e1n, arranc\u00f3 la renovaci\u00f3n del Programa Permanente de Embellecimiento de la Ciudad, en el Bulevar Santa Elena.<\/div>\n<div class=\"o9v6fnle cxmmr5t8 oygrvhab hcukyx3x c1et5uql\">En este programa coordinado por la Regidur\u00eda Tercera, participan de manera conjunta las cuadrillas de Canales, Mantenimiento Civil, Servicios Generales, COMUDE, DIF Municipal, Limpia P\u00fablica, Educaci\u00f3n, Ecolog\u00eda, as\u00ed como Parques y Jardines, apoyados por la direcci\u00f3n de vialidad y la Delegaci\u00f3n de Tr\u00e1nsito N\u00famero 41 en las labores de limpieza.<\/div>\n<div class=\"o9v6fnle cxmmr5t8 oygrvhab hcukyx3x c1et5uql\">Todos los lunes, acudir\u00e1 el personal a cada una de las zonas de la ciudad que necesiten atenci\u00f3n en su mantenimiento, con el objetivo de que en un solo d\u00eda se pueda terminar dicha \u00e1rea y se pueda seguir brindando los apoyos a la ciudadan\u00eda en los dem\u00e1s d\u00edas de la semana.<\/div>\n","protected":false},"excerpt":{"rendered":"<p>Como una forma de brindarle un mantenimiento m\u00e1s \u00f3ptimo a las \u00e1reas verdes del municipio, el Gobierno de Nanchital que preside la Dra. Zoila Balderas Guzm\u00e1n, arranc\u00f3 la renovaci\u00f3n del Programa Permanente de Embellecimiento de la Ciudad, en el Bulevar Santa Elena. En este programa coordinado por la Regidur\u00eda Tercera, participan de manera conjunta las&hellip; <br \/> <a class=\"read-more\" href=\"https:\/\/www.nanchital.gob.mx\/wp-nanchital\/arranca-renovacion-del-programa-permanente-de-embellecimiento-de-la-ciudad\/\">Leer m\u00e1s<\/a><\/p>\n","protected":false},"author":7,"featured_media":11755,"comment_status":"closed","ping_status":"closed","sticky":false,"template":"","format":"standard","meta":{"footnotes":""},"categories":[4],"tags":[],"class_list":["post-11753","post","type-post","status-publish","format-standard","has-post-thumbnail","hentry","category-noticias"],"_links":{"self":[{"href":"https:\/\/www.nanchital.gob.mx\/wp-nanchital\/wp-json\/wp\/v2\/posts\/11753","targetHints":{"allow":["GET"]}}],"collection":[{"href":"https:\/\/www.nanchital.gob.mx\/wp-nanchital\/wp-json\/wp\/v2\/posts"}],"about":[{"href":"https:\/\/www.nanchital.gob.mx\/wp-nanchital\/wp-json\/wp\/v2\/types\/post"}],"author":[{"embeddable":true,"href":"https:\/\/www.nanchital.gob.mx\/wp-nanchital\/wp-json\/wp\/v2\/users\/7"}],"replies":[{"embeddable":true,"href":"https:\/\/www.nanchital.gob.mx\/wp-nanchital\/wp-json\/wp\/v2\/comments?post=11753"}],"version-history":[{"count":1,"href":"https:\/\/www.nanchital.gob.mx\/wp-nanchital\/wp-json\/wp\/v2\/posts\/11753\/revisions"}],"predecessor-version":[{"id":11756,"href":"https:\/\/www.nanchital.gob.mx\/wp-nanchital\/wp-json\/wp\/v2\/posts\/11753\/revisions\/11756"}],"wp:featuredmedia":[{"embeddable":true,"href":"https:\/\/www.nanchital.gob.mx\/wp-nanchital\/wp-json\/wp\/v2\/media\/11755"}],"wp:attachment":[{"href":"https:\/\/www.nanchital.gob.mx\/wp-nanchital\/wp-json\/wp\/v2\/media?parent=11753"}],"wp:term":[{"taxonomy":"category","embeddable":true,"href":"https:\/\/www.nanchital.gob.mx\/wp-nanchital\/wp-json\/wp\/v2\/categories?post=11753"},{"taxonomy":"post_tag","embeddable":true,"href":"https:\/\/www.nanchital.gob.mx\/wp-nanchital\/wp-json\/wp\/v2\/tags?post=11753"}],"curies":[{"name":"wp","href":"https:\/\/api.w.org\/{rel}","templated":true}]}}