{"id":11747,"date":"2020-10-05T12:27:52","date_gmt":"2020-10-05T18:27:52","guid":{"rendered":"http:\/\/www.nanchital.gob.mx\/?p=11747"},"modified":"2020-10-05T12:28:54","modified_gmt":"2020-10-05T18:28:54","slug":"avanza-obra-de-electrificacion-de-la-ultima-etapa-del-bulevar-san-pedro-y-san-pablo","status":"publish","type":"post","link":"https:\/\/www.nanchital.gob.mx\/wp-nanchital\/avanza-obra-de-electrificacion-de-la-ultima-etapa-del-bulevar-san-pedro-y-san-pablo\/","title":{"rendered":"Avanza obra de electrificaci\u00f3n de la \u00faltima etapa del bulevar San Pedro y San Pablo"},"content":{"rendered":"<p>El Gobierno Municipal que preside la Dra. Zoila Balderas Guzm\u00e1n contin\u00faa con el avance de la obra de electrificaci\u00f3n del Bulevar San Pedro y San Pablo entre las calles San Andr\u00e9s y Nanche de la colonia San Regino. Este trabajo comprende una electrificaci\u00f3n de 350 metros lineales, con el suministro e instalaci\u00f3n de 3 transformadores de 25KVA, adem\u00e1s de 45 acometidas y de 8 luminarias led de 100w, que beneficiar\u00e1n directamente a 45 domicilios, y a todos los que transitan por ese sector. \u201cCon esta obra reforzamos el alumbrado p\u00fablico de la zona y mejoramos la vialidad, a\u00fan tenemos mucho por hacer, pero estamos trabajando para seguir cumpliendo a la gente de nuestra ciudad, hemos realizado una importante inversi\u00f3n para modernizar y dotar de mayores luminarias a Nanchital\u201d coment\u00f3 la alcaldesa Dra. Zoila Balderas Guzm\u00e1n.<\/p>\n<p><img fetchpriority=\"high\" decoding=\"async\" src=\"https:\/\/scontent-dfw5-2.xx.fbcdn.net\/v\/t1.15752-9\/120511957_253248726085858_7271949705998827172_n.jpg?_nc_cat=109&amp;_nc_sid=ae9488&amp;_nc_eui2=AeELXvHSRFgwATIcLm1td0rtjHVqSm590Z-MdWpKbn3RnyKwX9xeVQ3DJnqHAXGw0WNvrQAlDuZiEQcKUrl4FvV_&amp;_nc_ohc=SvJ-4GWhFKQAX_NdlA4&amp;_nc_ht=scontent-dfw5-2.xx&amp;oh=941a72ab0e36b2a05c67fda7c913f127&amp;oe=5FA248A9\" width=\"2730\" height=\"4096\" \/><\/p>\n","protected":false},"excerpt":{"rendered":"<p>El Gobierno Municipal que preside la Dra. Zoila Balderas Guzm\u00e1n contin\u00faa con el avance de la obra de electrificaci\u00f3n del Bulevar San Pedro y San Pablo entre las calles San Andr\u00e9s y Nanche de la colonia San Regino. Este trabajo comprende una electrificaci\u00f3n de 350 metros lineales, con el suministro e instalaci\u00f3n de 3 transformadores&hellip; <br \/> <a class=\"read-more\" href=\"https:\/\/www.nanchital.gob.mx\/wp-nanchital\/avanza-obra-de-electrificacion-de-la-ultima-etapa-del-bulevar-san-pedro-y-san-pablo\/\">Leer m\u00e1s<\/a><\/p>\n","protected":false},"author":7,"featured_media":11750,"comment_status":"closed","ping_status":"closed","sticky":false,"template":"","format":"standard","meta":{"footnotes":""},"categories":[4],"tags":[],"class_list":["post-11747","post","type-post","status-publish","format-standard","has-post-thumbnail","hentry","category-noticias"],"_links":{"self":[{"href":"https:\/\/www.nanchital.gob.mx\/wp-nanchital\/wp-json\/wp\/v2\/posts\/11747","targetHints":{"allow":["GET"]}}],"collection":[{"href":"https:\/\/www.nanchital.gob.mx\/wp-nanchital\/wp-json\/wp\/v2\/posts"}],"about":[{"href":"https:\/\/www.nanchital.gob.mx\/wp-nanchital\/wp-json\/wp\/v2\/types\/post"}],"author":[{"embeddable":true,"href":"https:\/\/www.nanchital.gob.mx\/wp-nanchital\/wp-json\/wp\/v2\/users\/7"}],"replies":[{"embeddable":true,"href":"https:\/\/www.nanchital.gob.mx\/wp-nanchital\/wp-json\/wp\/v2\/comments?post=11747"}],"version-history":[{"count":1,"href":"https:\/\/www.nanchital.gob.mx\/wp-nanchital\/wp-json\/wp\/v2\/posts\/11747\/revisions"}],"predecessor-version":[{"id":11749,"href":"https:\/\/www.nanchital.gob.mx\/wp-nanchital\/wp-json\/wp\/v2\/posts\/11747\/revisions\/11749"}],"wp:featuredmedia":[{"embeddable":true,"href":"https:\/\/www.nanchital.gob.mx\/wp-nanchital\/wp-json\/wp\/v2\/media\/11750"}],"wp:attachment":[{"href":"https:\/\/www.nanchital.gob.mx\/wp-nanchital\/wp-json\/wp\/v2\/media?parent=11747"}],"wp:term":[{"taxonomy":"category","embeddable":true,"href":"https:\/\/www.nanchital.gob.mx\/wp-nanchital\/wp-json\/wp\/v2\/categories?post=11747"},{"taxonomy":"post_tag","embeddable":true,"href":"https:\/\/www.nanchital.gob.mx\/wp-nanchital\/wp-json\/wp\/v2\/tags?post=11747"}],"curies":[{"name":"wp","href":"https:\/\/api.w.org\/{rel}","templated":true}]}}