{"id":11674,"date":"2020-09-25T08:51:14","date_gmt":"2020-09-25T14:51:14","guid":{"rendered":"http:\/\/www.nanchital.gob.mx\/?p=11674"},"modified":"2020-10-01T08:52:49","modified_gmt":"2020-10-01T14:52:49","slug":"se-conmemora-el-dia-naranja","status":"publish","type":"post","link":"https:\/\/www.nanchital.gob.mx\/wp-nanchital\/se-conmemora-el-dia-naranja\/","title":{"rendered":"Se conmemora el D\u00eda Naranja"},"content":{"rendered":"<p>Como cada d\u00eda 25 del mes, el Gobierno Municipal que preside la Dra. Zoila Balderas Guzm\u00e1n realiz\u00f3 la actividad correspondiente a al D\u00eda Naranja para actuar, generar conciencia y prevenir la violencia contra mujeres y ni\u00f1as, promovido en esta ciudad por el Instituto Municipal de la Mujer.<\/p>\n<p><img fetchpriority=\"high\" decoding=\"async\" src=\"https:\/\/scontent.fmtt1-1.fna.fbcdn.net\/v\/t1.15752-9\/s2048x2048\/120092577_345051826737556_1354198698892016268_n.jpg?_nc_cat=109&amp;_nc_sid=ae9488&amp;_nc_eui2=AeHhWMezgCXWhxrrPmehzNn_QjBxbr7IhrpCMHFuvsiGukXrxMREmv1_OsGS6C9-w04MQ5lWKfKz9aH5pKQB3ATQ&amp;_nc_ohc=rLFUjqSM30EAX-yBvkf&amp;_nc_ht=scontent.fmtt1-1.fna&amp;tp=7&amp;oh=ae58eb85e3d1eb3d01dce02e50aa5477&amp;oe=5F9CE949\" width=\"1108\" height=\"739\" \/><\/p>\n","protected":false},"excerpt":{"rendered":"<p>Como cada d\u00eda 25 del mes, el Gobierno Municipal que preside la Dra. Zoila Balderas Guzm\u00e1n realiz\u00f3 la actividad correspondiente a al D\u00eda Naranja para actuar, generar conciencia y prevenir la violencia contra mujeres y ni\u00f1as, promovido en esta ciudad por el Instituto Municipal de la Mujer.<\/p>\n","protected":false},"author":7,"featured_media":11676,"comment_status":"closed","ping_status":"closed","sticky":false,"template":"","format":"standard","meta":{"footnotes":""},"categories":[4],"tags":[],"class_list":["post-11674","post","type-post","status-publish","format-standard","has-post-thumbnail","hentry","category-noticias"],"_links":{"self":[{"href":"https:\/\/www.nanchital.gob.mx\/wp-nanchital\/wp-json\/wp\/v2\/posts\/11674","targetHints":{"allow":["GET"]}}],"collection":[{"href":"https:\/\/www.nanchital.gob.mx\/wp-nanchital\/wp-json\/wp\/v2\/posts"}],"about":[{"href":"https:\/\/www.nanchital.gob.mx\/wp-nanchital\/wp-json\/wp\/v2\/types\/post"}],"author":[{"embeddable":true,"href":"https:\/\/www.nanchital.gob.mx\/wp-nanchital\/wp-json\/wp\/v2\/users\/7"}],"replies":[{"embeddable":true,"href":"https:\/\/www.nanchital.gob.mx\/wp-nanchital\/wp-json\/wp\/v2\/comments?post=11674"}],"version-history":[{"count":1,"href":"https:\/\/www.nanchital.gob.mx\/wp-nanchital\/wp-json\/wp\/v2\/posts\/11674\/revisions"}],"predecessor-version":[{"id":11677,"href":"https:\/\/www.nanchital.gob.mx\/wp-nanchital\/wp-json\/wp\/v2\/posts\/11674\/revisions\/11677"}],"wp:featuredmedia":[{"embeddable":true,"href":"https:\/\/www.nanchital.gob.mx\/wp-nanchital\/wp-json\/wp\/v2\/media\/11676"}],"wp:attachment":[{"href":"https:\/\/www.nanchital.gob.mx\/wp-nanchital\/wp-json\/wp\/v2\/media?parent=11674"}],"wp:term":[{"taxonomy":"category","embeddable":true,"href":"https:\/\/www.nanchital.gob.mx\/wp-nanchital\/wp-json\/wp\/v2\/categories?post=11674"},{"taxonomy":"post_tag","embeddable":true,"href":"https:\/\/www.nanchital.gob.mx\/wp-nanchital\/wp-json\/wp\/v2\/tags?post=11674"}],"curies":[{"name":"wp","href":"https:\/\/api.w.org\/{rel}","templated":true}]}}