{"id":11661,"date":"2020-09-28T08:27:44","date_gmt":"2020-09-28T14:27:44","guid":{"rendered":"http:\/\/www.nanchital.gob.mx\/?p=11661"},"modified":"2020-09-28T08:27:44","modified_gmt":"2020-09-28T14:27:44","slug":"nanchital-participa-en-la-sesion-ordinaria-de-sipinna","status":"publish","type":"post","link":"https:\/\/www.nanchital.gob.mx\/wp-nanchital\/nanchital-participa-en-la-sesion-ordinaria-de-sipinna\/","title":{"rendered":"Nanchital participa en la sesi\u00f3n ordinaria de SIPINNA"},"content":{"rendered":"<div class=\"o9v6fnle cxmmr5t8 oygrvhab hcukyx3x c1et5uql\">De manera virtual se llev\u00f3 a cabo la Octava Sesi\u00f3n Ordinaria del Sistema de Protecci\u00f3n Integral de Ni\u00f1as, Ni\u00f1os y Adolescentes del Estado de Veracruz (SIPINNA Estatal), con la participaci\u00f3n de la Dra. Zoila Balderas Guzm\u00e1n, en su calidad de representante de Alcaldes de la zona sur e integrante del SIPINNA Estatal, participando funcionarios estatales y municipales.<\/div>\n<div><\/div>\n<div class=\"o9v6fnle cxmmr5t8 oygrvhab hcukyx3x c1et5uql\">En dicha reuni\u00f3n se establecieron acuerdos como Integrar la Comisi\u00f3n para la Primera Infancia; la Comisi\u00f3n para la protecci\u00f3n integral de ni\u00f1as, ni\u00f1os y adolescentes migrantes y solicitantes de la condici\u00f3n de refugiados; y Las pautas de canalizaci\u00f3n de posibles afectaciones a los derechos de ni\u00f1as, ni\u00f1os y adolescentes recibidos en la Secretaria Ejecutiva del Sistema de Protecci\u00f3n Integral de Ni\u00f1as, Ni\u00f1os y Adolescentes del Estado de Veracruz.<\/div>\n<div><\/div>\n<div><img decoding=\"async\" class=\"nskh8ow2 idiwt2bm d2edcug0 dbpd2lw6\" src=\"https:\/\/scontent.fmtt1-1.fna.fbcdn.net\/v\/t1.15752-9\/120134738_3385003178232974_1638015253283024924_n.jpg?_nc_cat=111&amp;_nc_sid=b96e70&amp;_nc_eui2=AeEMTw8RS3av-rHDxqCTKtWfUScGwAfIXSVRJwbAB8hdJTXFLdMsSyhjqPr8oIRkX6CU3iRjtl9HoFjpjJ1LpO9P&amp;_nc_ohc=v-b6hzFsixQAX9gY6Ee&amp;_nc_ht=scontent.fmtt1-1.fna&amp;oh=fcd4eb34171c4498b5c4508d542ed20d&amp;oe=5F9855CC\" alt=\"Sin descripci\u00f3n disponible.\" \/><\/div>\n","protected":false},"excerpt":{"rendered":"<p>De manera virtual se llev\u00f3 a cabo la Octava Sesi\u00f3n Ordinaria del Sistema de Protecci\u00f3n Integral de Ni\u00f1as, Ni\u00f1os y Adolescentes del Estado de Veracruz (SIPINNA Estatal), con la participaci\u00f3n de la Dra. Zoila Balderas Guzm\u00e1n, en su calidad de representante de Alcaldes de la zona sur e integrante del SIPINNA Estatal, participando funcionarios estatales&hellip; <br \/> <a class=\"read-more\" href=\"https:\/\/www.nanchital.gob.mx\/wp-nanchital\/nanchital-participa-en-la-sesion-ordinaria-de-sipinna\/\">Leer m\u00e1s<\/a><\/p>\n","protected":false},"author":7,"featured_media":11663,"comment_status":"closed","ping_status":"closed","sticky":false,"template":"","format":"standard","meta":{"footnotes":""},"categories":[4],"tags":[],"class_list":["post-11661","post","type-post","status-publish","format-standard","has-post-thumbnail","hentry","category-noticias"],"_links":{"self":[{"href":"https:\/\/www.nanchital.gob.mx\/wp-nanchital\/wp-json\/wp\/v2\/posts\/11661","targetHints":{"allow":["GET"]}}],"collection":[{"href":"https:\/\/www.nanchital.gob.mx\/wp-nanchital\/wp-json\/wp\/v2\/posts"}],"about":[{"href":"https:\/\/www.nanchital.gob.mx\/wp-nanchital\/wp-json\/wp\/v2\/types\/post"}],"author":[{"embeddable":true,"href":"https:\/\/www.nanchital.gob.mx\/wp-nanchital\/wp-json\/wp\/v2\/users\/7"}],"replies":[{"embeddable":true,"href":"https:\/\/www.nanchital.gob.mx\/wp-nanchital\/wp-json\/wp\/v2\/comments?post=11661"}],"version-history":[{"count":1,"href":"https:\/\/www.nanchital.gob.mx\/wp-nanchital\/wp-json\/wp\/v2\/posts\/11661\/revisions"}],"predecessor-version":[{"id":11664,"href":"https:\/\/www.nanchital.gob.mx\/wp-nanchital\/wp-json\/wp\/v2\/posts\/11661\/revisions\/11664"}],"wp:featuredmedia":[{"embeddable":true,"href":"https:\/\/www.nanchital.gob.mx\/wp-nanchital\/wp-json\/wp\/v2\/media\/11663"}],"wp:attachment":[{"href":"https:\/\/www.nanchital.gob.mx\/wp-nanchital\/wp-json\/wp\/v2\/media?parent=11661"}],"wp:term":[{"taxonomy":"category","embeddable":true,"href":"https:\/\/www.nanchital.gob.mx\/wp-nanchital\/wp-json\/wp\/v2\/categories?post=11661"},{"taxonomy":"post_tag","embeddable":true,"href":"https:\/\/www.nanchital.gob.mx\/wp-nanchital\/wp-json\/wp\/v2\/tags?post=11661"}],"curies":[{"name":"wp","href":"https:\/\/api.w.org\/{rel}","templated":true}]}}