{"id":11645,"date":"2020-09-25T08:47:59","date_gmt":"2020-09-25T14:47:59","guid":{"rendered":"http:\/\/www.nanchital.gob.mx\/?p=11645"},"modified":"2020-09-25T09:00:36","modified_gmt":"2020-09-25T15:00:36","slug":"arranca-programa-reciclar-una-sana-costumbre","status":"publish","type":"post","link":"https:\/\/www.nanchital.gob.mx\/wp-nanchital\/arranca-programa-reciclar-una-sana-costumbre\/","title":{"rendered":"Arranca programa Reciclar, una sana costumbre"},"content":{"rendered":"<p>Como una forma de reducir la cantidad de desechos s\u00f3lidos que impactan el medio ambiente, el Gobierno Municipal que preside la Dra. Zoila Balderas Guzm\u00e1n, inici\u00f3 formalmente el programa piloto \u201cReciclar, una sana costumbre\u201d en el fraccionamiento Residencial Secci\u00f3n 11. En este programa trabajan de manera coordinada la Regidur\u00eda Tercera, las direcciones de Ecolog\u00eda, Gobernaci\u00f3n y Educaci\u00f3n, as\u00ed como la agrupaci\u00f3n Reciclar para ayudar desde el coraz\u00f3n de este municipio y el comit\u00e9 de vecinos del fraccionamiento Residencial Secci\u00f3n 11. En primera instancia se tuvo una charla con los vecinos para explicarles el programa, se les aplic\u00f3 una encuesta de manera virtual, as\u00ed como se les brind\u00f3 capacitaci\u00f3n sobre los residuos que pueden reciclarse con infograf\u00edas a trav\u00e9s de sus grupos de whats app. Ya con ello inici\u00f3 la primera recolecci\u00f3n de desechos separados, para que su disposici\u00f3n final no sea el basurero y se puedan reciclar.<\/p>\n<p>\u201cPara este programa la participaci\u00f3n de los vecinos de esta colonia es fundamental, no hubi\u00e9ramos podido iniciarlo sin su apoyo, por lo que estoy muy agradecida con el comit\u00e9, ellos han tomado conciencia de que esto lo debemos hacer por nuestros hijos, por las nuevas generaciones, y con el entusiasmo de su participaci\u00f3n, sin duda lograremos replicarlo poco a poco en m\u00e1s colonias de Nanchital\u201d afirm\u00f3 la alcaldesa Dra. Zoila Balderas Guzm\u00e1n.<\/p>\n","protected":false},"excerpt":{"rendered":"<p>Como una forma de reducir la cantidad de desechos s\u00f3lidos que impactan el medio ambiente, el Gobierno Municipal que preside la Dra. Zoila Balderas Guzm\u00e1n, inici\u00f3 formalmente el programa piloto \u201cReciclar, una sana costumbre\u201d en el fraccionamiento Residencial Secci\u00f3n 11. En este programa trabajan de manera coordinada la Regidur\u00eda Tercera, las direcciones de Ecolog\u00eda, Gobernaci\u00f3n&hellip; <br \/> <a class=\"read-more\" href=\"https:\/\/www.nanchital.gob.mx\/wp-nanchital\/arranca-programa-reciclar-una-sana-costumbre\/\">Leer m\u00e1s<\/a><\/p>\n","protected":false},"author":7,"featured_media":11648,"comment_status":"closed","ping_status":"closed","sticky":false,"template":"","format":"standard","meta":{"footnotes":""},"categories":[4],"tags":[],"class_list":["post-11645","post","type-post","status-publish","format-standard","has-post-thumbnail","hentry","category-noticias"],"_links":{"self":[{"href":"https:\/\/www.nanchital.gob.mx\/wp-nanchital\/wp-json\/wp\/v2\/posts\/11645","targetHints":{"allow":["GET"]}}],"collection":[{"href":"https:\/\/www.nanchital.gob.mx\/wp-nanchital\/wp-json\/wp\/v2\/posts"}],"about":[{"href":"https:\/\/www.nanchital.gob.mx\/wp-nanchital\/wp-json\/wp\/v2\/types\/post"}],"author":[{"embeddable":true,"href":"https:\/\/www.nanchital.gob.mx\/wp-nanchital\/wp-json\/wp\/v2\/users\/7"}],"replies":[{"embeddable":true,"href":"https:\/\/www.nanchital.gob.mx\/wp-nanchital\/wp-json\/wp\/v2\/comments?post=11645"}],"version-history":[{"count":1,"href":"https:\/\/www.nanchital.gob.mx\/wp-nanchital\/wp-json\/wp\/v2\/posts\/11645\/revisions"}],"predecessor-version":[{"id":11647,"href":"https:\/\/www.nanchital.gob.mx\/wp-nanchital\/wp-json\/wp\/v2\/posts\/11645\/revisions\/11647"}],"wp:featuredmedia":[{"embeddable":true,"href":"https:\/\/www.nanchital.gob.mx\/wp-nanchital\/wp-json\/wp\/v2\/media\/11648"}],"wp:attachment":[{"href":"https:\/\/www.nanchital.gob.mx\/wp-nanchital\/wp-json\/wp\/v2\/media?parent=11645"}],"wp:term":[{"taxonomy":"category","embeddable":true,"href":"https:\/\/www.nanchital.gob.mx\/wp-nanchital\/wp-json\/wp\/v2\/categories?post=11645"},{"taxonomy":"post_tag","embeddable":true,"href":"https:\/\/www.nanchital.gob.mx\/wp-nanchital\/wp-json\/wp\/v2\/tags?post=11645"}],"curies":[{"name":"wp","href":"https:\/\/api.w.org\/{rel}","templated":true}]}}