{"id":11625,"date":"2020-09-22T12:49:06","date_gmt":"2020-09-22T18:49:06","guid":{"rendered":"http:\/\/www.nanchital.gob.mx\/?p=11625"},"modified":"2020-09-22T12:49:06","modified_gmt":"2020-09-22T18:49:06","slug":"se-realizara-programa-piloto-de-reciclaje-en-la-residencial-seccion-11","status":"publish","type":"post","link":"https:\/\/www.nanchital.gob.mx\/wp-nanchital\/se-realizara-programa-piloto-de-reciclaje-en-la-residencial-seccion-11\/","title":{"rendered":"Se realizar\u00e1 programa piloto de reciclaje en la Residencial Secci\u00f3n 11"},"content":{"rendered":"<p>Como parte de las medidas de educaci\u00f3n ambiental, el Gobierno Municipal que preside la Dra. Zoila Balderas Guzm\u00e1n iniciar\u00e1 el pr\u00f3ximo 24 de septiembre el programa piloto \u201cReciclar, una costumbre muy sana\u201d en coordinaci\u00f3n con el comit\u00e9 de vecinos del fraccionamiento Residencial Secci\u00f3n 11. Este programa tiene el objetivo de contribuir a que los habitantes de Nanchital adopten un modelo de gesti\u00f3n enfocado en reducir la disposici\u00f3n al tiradero a cielo abierto, utilizando la filosof\u00eda de \u201ccero residuos\u201d que busca aminorar la cantidad de basura mediante la reutilizaci\u00f3n, recuperaci\u00f3n, reciclaje y valoraci\u00f3n de residuos s\u00f3lidos. Por tal motivo en d\u00edas pasados se realiz\u00f3 una reuni\u00f3n de trabajo con jefes de manzana de dicho fraccionamiento para tomar acuerdos de la implementaci\u00f3n de este programa que traer\u00e1 m\u00faltiples beneficios a la ciudadan\u00eda. \u201cEs importante destacar que los vecinos participar\u00e1n activamente con la separaci\u00f3n de sus desechos y que la recolecci\u00f3n se realizar\u00e1 con una empresa de Nanchital que se dedica al reciclaje y la reutilizaci\u00f3n de la basura, por lo que la disposici\u00f3n final no ser\u00e1 el basurero. La intenci\u00f3n es incorporar esta din\u00e1mica a m\u00e1s sectores del municipio\u201d inform\u00f3 Irasema Campos Pang, Regidora Tercera.<\/p>\n","protected":false},"excerpt":{"rendered":"<p>Como parte de las medidas de educaci\u00f3n ambiental, el Gobierno Municipal que preside la Dra. Zoila Balderas Guzm\u00e1n iniciar\u00e1 el pr\u00f3ximo 24 de septiembre el programa piloto \u201cReciclar, una costumbre muy sana\u201d en coordinaci\u00f3n con el comit\u00e9 de vecinos del fraccionamiento Residencial Secci\u00f3n 11. Este programa tiene el objetivo de contribuir a que los habitantes&hellip; <br \/> <a class=\"read-more\" href=\"https:\/\/www.nanchital.gob.mx\/wp-nanchital\/se-realizara-programa-piloto-de-reciclaje-en-la-residencial-seccion-11\/\">Leer m\u00e1s<\/a><\/p>\n","protected":false},"author":7,"featured_media":11627,"comment_status":"closed","ping_status":"closed","sticky":false,"template":"","format":"standard","meta":{"footnotes":""},"categories":[4],"tags":[],"class_list":["post-11625","post","type-post","status-publish","format-standard","has-post-thumbnail","hentry","category-noticias"],"_links":{"self":[{"href":"https:\/\/www.nanchital.gob.mx\/wp-nanchital\/wp-json\/wp\/v2\/posts\/11625","targetHints":{"allow":["GET"]}}],"collection":[{"href":"https:\/\/www.nanchital.gob.mx\/wp-nanchital\/wp-json\/wp\/v2\/posts"}],"about":[{"href":"https:\/\/www.nanchital.gob.mx\/wp-nanchital\/wp-json\/wp\/v2\/types\/post"}],"author":[{"embeddable":true,"href":"https:\/\/www.nanchital.gob.mx\/wp-nanchital\/wp-json\/wp\/v2\/users\/7"}],"replies":[{"embeddable":true,"href":"https:\/\/www.nanchital.gob.mx\/wp-nanchital\/wp-json\/wp\/v2\/comments?post=11625"}],"version-history":[{"count":1,"href":"https:\/\/www.nanchital.gob.mx\/wp-nanchital\/wp-json\/wp\/v2\/posts\/11625\/revisions"}],"predecessor-version":[{"id":11628,"href":"https:\/\/www.nanchital.gob.mx\/wp-nanchital\/wp-json\/wp\/v2\/posts\/11625\/revisions\/11628"}],"wp:featuredmedia":[{"embeddable":true,"href":"https:\/\/www.nanchital.gob.mx\/wp-nanchital\/wp-json\/wp\/v2\/media\/11627"}],"wp:attachment":[{"href":"https:\/\/www.nanchital.gob.mx\/wp-nanchital\/wp-json\/wp\/v2\/media?parent=11625"}],"wp:term":[{"taxonomy":"category","embeddable":true,"href":"https:\/\/www.nanchital.gob.mx\/wp-nanchital\/wp-json\/wp\/v2\/categories?post=11625"},{"taxonomy":"post_tag","embeddable":true,"href":"https:\/\/www.nanchital.gob.mx\/wp-nanchital\/wp-json\/wp\/v2\/tags?post=11625"}],"curies":[{"name":"wp","href":"https:\/\/api.w.org\/{rel}","templated":true}]}}