{"id":11613,"date":"2020-09-17T11:33:59","date_gmt":"2020-09-17T17:33:59","guid":{"rendered":"http:\/\/www.nanchital.gob.mx\/?p=11613"},"modified":"2020-09-17T11:33:59","modified_gmt":"2020-09-17T17:33:59","slug":"se-reanudara-servicio-de-limpia-publica","status":"publish","type":"post","link":"https:\/\/www.nanchital.gob.mx\/wp-nanchital\/se-reanudara-servicio-de-limpia-publica\/","title":{"rendered":"Se reanudar\u00e1 servicio de limpia p\u00fablica"},"content":{"rendered":"<p>El Gobierno Municipal que preside la Dra. Zoila Balderas Guzm\u00e1n reanudar\u00e1 el servicio de recolecci\u00f3n de basura en los d\u00edas y horarios habituales previos a la pandemia, a partir del lunes 21 de septiembre. Este acuerdo fue tomado gracias a que el municipio ha bajado en su nivel de contagios a sem\u00e1foro naranja, por lo que tambi\u00e9n los barrenderos entrar\u00e1n en funciones normales para mantener limpia la ciudad. \u201cHa sido un periodo complicado para todos, sin embargo no hemos parado de brindar el servicio de limpia p\u00fablica y nos adaptamos a las condiciones que nos oblig\u00f3 la pandemia, afortunadamente la situaci\u00f3n nos permite regresar a los horarios acostumbrados, manteniendo a nuestro personal vulnerable en sus casas. Por supuesto agradecemos la comprensi\u00f3n que ha tenido la ciudadan\u00eda y reiteramos la petici\u00f3n de que saquen su basura en los horarios y d\u00edas correspondientes\u201d afirm\u00f3 la Regidora Tercera Irasema Campos Pang.<\/p>\n","protected":false},"excerpt":{"rendered":"<p>El Gobierno Municipal que preside la Dra. Zoila Balderas Guzm\u00e1n reanudar\u00e1 el servicio de recolecci\u00f3n de basura en los d\u00edas y horarios habituales previos a la pandemia, a partir del lunes 21 de septiembre. Este acuerdo fue tomado gracias a que el municipio ha bajado en su nivel de contagios a sem\u00e1foro naranja, por lo&hellip; <br \/> <a class=\"read-more\" href=\"https:\/\/www.nanchital.gob.mx\/wp-nanchital\/se-reanudara-servicio-de-limpia-publica\/\">Leer m\u00e1s<\/a><\/p>\n","protected":false},"author":7,"featured_media":11615,"comment_status":"closed","ping_status":"closed","sticky":false,"template":"","format":"standard","meta":{"footnotes":""},"categories":[4],"tags":[],"class_list":["post-11613","post","type-post","status-publish","format-standard","has-post-thumbnail","hentry","category-noticias"],"_links":{"self":[{"href":"https:\/\/www.nanchital.gob.mx\/wp-nanchital\/wp-json\/wp\/v2\/posts\/11613","targetHints":{"allow":["GET"]}}],"collection":[{"href":"https:\/\/www.nanchital.gob.mx\/wp-nanchital\/wp-json\/wp\/v2\/posts"}],"about":[{"href":"https:\/\/www.nanchital.gob.mx\/wp-nanchital\/wp-json\/wp\/v2\/types\/post"}],"author":[{"embeddable":true,"href":"https:\/\/www.nanchital.gob.mx\/wp-nanchital\/wp-json\/wp\/v2\/users\/7"}],"replies":[{"embeddable":true,"href":"https:\/\/www.nanchital.gob.mx\/wp-nanchital\/wp-json\/wp\/v2\/comments?post=11613"}],"version-history":[{"count":1,"href":"https:\/\/www.nanchital.gob.mx\/wp-nanchital\/wp-json\/wp\/v2\/posts\/11613\/revisions"}],"predecessor-version":[{"id":11616,"href":"https:\/\/www.nanchital.gob.mx\/wp-nanchital\/wp-json\/wp\/v2\/posts\/11613\/revisions\/11616"}],"wp:featuredmedia":[{"embeddable":true,"href":"https:\/\/www.nanchital.gob.mx\/wp-nanchital\/wp-json\/wp\/v2\/media\/11615"}],"wp:attachment":[{"href":"https:\/\/www.nanchital.gob.mx\/wp-nanchital\/wp-json\/wp\/v2\/media?parent=11613"}],"wp:term":[{"taxonomy":"category","embeddable":true,"href":"https:\/\/www.nanchital.gob.mx\/wp-nanchital\/wp-json\/wp\/v2\/categories?post=11613"},{"taxonomy":"post_tag","embeddable":true,"href":"https:\/\/www.nanchital.gob.mx\/wp-nanchital\/wp-json\/wp\/v2\/tags?post=11613"}],"curies":[{"name":"wp","href":"https:\/\/api.w.org\/{rel}","templated":true}]}}